{"id":1,"date":"2014-09-18T21:20:09","date_gmt":"2014-09-18T19:20:09","guid":{"rendered":"http:\/\/gruene-fuldabrueck.de\/?p=1"},"modified":"2015-12-04T19:34:29","modified_gmt":"2015-12-04T18:34:29","slug":"hallo-welt","status":"publish","type":"post","link":"http:\/\/www.gruene-wolfhagen.de\/?p=1","title":{"rendered":"Herzlich Willkommen beim Ortsverband Wolfhagen"},"content":{"rendered":"<h3 style=\"text-align: center;\"><strong>Auf die Inhalte kommt es an. Deshalb Gr\u00fcn!<\/strong><\/h3>\n<figure id=\"attachment_263\" aria-describedby=\"caption-attachment-263\" style=\"width: 518px\" class=\"wp-caption aligncenter\"><a href=\"http:\/\/www.gruene-wolfhagen.de\/wp-content\/uploads\/2014\/04\/cropped-KIF_8932.jpg\"><img loading=\"lazy\" decoding=\"async\" class=\"wp-image-263\" src=\"http:\/\/www.gruene-wolfhagen.de\/wp-content\/uploads\/2014\/04\/cropped-KIF_8932-300x45.jpg\" alt=\"Stadtwappen von Wolfhagen\" width=\"518\" height=\"93\" \/><\/a><figcaption id=\"caption-attachment-263\" class=\"wp-caption-text\">Stadtwappen von Wolfhagen<\/figcaption><\/figure>\n<p><strong>Wer sich heutzutage in der politischen Landschaft umsieht, dem werden vielerlei Gr\u00fcnde geboten, sich politisch zu engagieren. Seien es die Schlie\u00dfung der Geburtshilfestation, die Sicherung und Fortentwicklung der \u00e4rztlichen Versorgung, Bildung, Betreuung, Umweltschutz, Tierschutz, Lebensmittelkennzeichnung, Bauprojekte u.v.m.<\/strong><\/p>\n<p><strong>Der Leitsatz gr\u00fcner Politik ist Nachhaltigkeit. Dieses aus der Wirtschaft stammende Grundprinzip, bedeutet nichts anderes, als das langfristige Nutzbarmachen bestehender Ressourcen bei optimaler Ausbeute. Im Gegensatz zur schnellen Gewinnmaximierung profitieren hier nicht nur einige wenige Generationen, und nachfolgende schauen &#8222;in die R\u00f6hre&#8220;. Nein, auch unsere Kinder und Enkelkinder k\u00f6nnen in einer Welt leben, die wirklich lebenswert ist.<\/strong><\/p>\n<p><strong>Eine lebenswerte Welt kann nur eine gesunde Welt sein. Wer m\u00f6chte freiwillig vergiftetes Essen essen, vergiftete Luft atmen, in einer vergifteten Umwelt leben, nur um ein paar Euro gespart zu haben?<\/strong><\/p>\n<p><strong>Im Zeitalter der Globalisierung und des weltweiten Wettbewerbs bleibt kein Platz mehr f\u00fcr Kleinstaatlichkeit. In dieser aufbl\u00fchenden, kosmopolitischen Weltordnung kann nur derjenige bestehen, der sich den Herausforderungen einer neuen Wirtschaftsordnung mit neuen Arbeits- und Absatzm\u00e4rkten stellen kann. Gestriges Schema-F-Denken wird auf der Strecke bleiben.<\/strong><\/p>\n<p><strong>Es hat ein gesellschaftliches Umdenken begonnen, &#8222;gr\u00fcn&#8220; ist &#8222;in&#8220;. Umweltbewusstes Denken bleibt nicht mehr nur idealistischen \u00d6koextremisten \u00fcberlassen, es zahlt sich f\u00fcr jeden wirtschaftlich aus.<\/strong><\/p>\n<p><strong>Die Gr\u00fcnen sind schon lange keine Einthemenpartei mehr. Wir sind zu einer Massenbewegung geworden, die zu allen gesellschaftlichen Themen gute, realistische und soziale Ideen hat.<\/strong><\/p>\n<p><strong>Immer mehr Menschen haben das begriffen! Nehmen auch Sie die M\u00f6glichkeit wahr, sich bei den GR\u00dcNEN zu engagieren! Hierzu muss man kein Mitglied sein.<\/strong><\/p>\n<p><strong>Wir freuen uns auf Sie!!<br \/>\n<\/strong><\/p>\n","protected":false},"excerpt":{"rendered":"<p>Auf die Inhalte kommt es an. Deshalb Gr\u00fcn! Wer sich heutzutage in der politischen Landschaft umsieht, dem werden vielerlei Gr\u00fcnde geboten, sich politisch zu engagieren. Seien es die Schlie\u00dfung der [&hellip;]<\/p>\n","protected":false},"author":-1,"featured_media":0,"comment_status":"closed","ping_status":"closed","sticky":false,"template":"","format":"standard","meta":{"ngg_post_thumbnail":0,"footnotes":""},"categories":[1],"tags":[16,8,21,9],"class_list":["post-1","post","type-post","status-publish","format-standard","hentry","category-allgemein","tag-kommunal","tag-partei","tag-stadtverordnete","tag-wolfhagen"],"_links":{"self":[{"href":"http:\/\/www.gruene-wolfhagen.de\/index.php?rest_route=\/wp\/v2\/posts\/1","targetHints":{"allow":["GET"]}}],"collection":[{"href":"http:\/\/www.gruene-wolfhagen.de\/index.php?rest_route=\/wp\/v2\/posts"}],"about":[{"href":"http:\/\/www.gruene-wolfhagen.de\/index.php?rest_route=\/wp\/v2\/types\/post"}],"author":[{"embeddable":true,"href":"http:\/\/www.gruene-wolfhagen.de\/index.php?rest_route=\/wp\/v2\/users\/1"}],"replies":[{"embeddable":true,"href":"http:\/\/www.gruene-wolfhagen.de\/index.php?rest_route=%2Fwp%2Fv2%2Fcomments&post=1"}],"version-history":[{"count":21,"href":"http:\/\/www.gruene-wolfhagen.de\/index.php?rest_route=\/wp\/v2\/posts\/1\/revisions"}],"predecessor-version":[{"id":379,"href":"http:\/\/www.gruene-wolfhagen.de\/index.php?rest_route=\/wp\/v2\/posts\/1\/revisions\/379"}],"wp:attachment":[{"href":"http:\/\/www.gruene-wolfhagen.de\/index.php?rest_route=%2Fwp%2Fv2%2Fmedia&parent=1"}],"wp:term":[{"taxonomy":"category","embeddable":true,"href":"http:\/\/www.gruene-wolfhagen.de\/index.php?rest_route=%2Fwp%2Fv2%2Fcategories&post=1"},{"taxonomy":"post_tag","embeddable":true,"href":"http:\/\/www.gruene-wolfhagen.de\/index.php?rest_route=%2Fwp%2Fv2%2Ftags&post=1"}],"curies":[{"name":"wp","href":"https:\/\/api.w.org\/{rel}","templated":true}]}}