{"id":1100,"date":"2021-03-08T15:48:25","date_gmt":"2021-03-08T14:48:25","guid":{"rendered":"http:\/\/www.gruene-wolfhagen.de\/?p=1100"},"modified":"2021-03-08T15:48:25","modified_gmt":"2021-03-08T14:48:25","slug":"die-alte-gruene-stavo-fraktion-verabschiedet-sich-und-uebergibt-das-staffelholz-an-die-neuen-kandidatinnen-und-kandidaten","status":"publish","type":"post","link":"http:\/\/www.gruene-wolfhagen.de\/?p=1100","title":{"rendered":"Die &#8222;alte&#8220; gr\u00fcne STAVO Fraktion verabschiedet sich und \u00fcbergibt das &#8222;Staffelholz&#8220; an die neuen Kandidatinnen und Kandidaten."},"content":{"rendered":"<figure id=\"attachment_1060\" aria-describedby=\"caption-attachment-1060\" style=\"width: 525px\" class=\"wp-caption aligncenter\"><img loading=\"lazy\" decoding=\"async\" class=\"wp-image-1060\" src=\"http:\/\/www.gruene-wolfhagen.de\/wp-content\/uploads\/2021\/03\/P1110854.jpg\" alt=\"\" width=\"525\" height=\"394\" srcset=\"http:\/\/www.gruene-wolfhagen.de\/wp-content\/uploads\/2021\/03\/P1110854.jpg 2560w, http:\/\/www.gruene-wolfhagen.de\/wp-content\/uploads\/2021\/03\/P1110854-300x225.jpg 300w, http:\/\/www.gruene-wolfhagen.de\/wp-content\/uploads\/2021\/03\/P1110854-768x576.jpg 768w, http:\/\/www.gruene-wolfhagen.de\/wp-content\/uploads\/2021\/03\/P1110854-1024x768.jpg 1024w\" sizes=\"auto, (max-width: 525px) 100vw, 525px\" \/><figcaption id=\"caption-attachment-1060\" class=\"wp-caption-text\"><span style=\"color: #000000;\">Einen Tag nach der letzten Stadtverordnetensitzung (mit vier erfolgreichen gr\u00fcnen Antr\u00e4gen!) \u00fcbergab am 5. M\u00e4rz 2021 Dr. Axel Vetter als Vorsitzender der GR\u00dcNEN Stavo-Fraktion nach zwei Legislaturperioden symbolisch das &#8222;gr\u00fcne Staffelholz&#8220; an Gisela Kruse und Markus Tripp, die es stellvertretend f\u00fcr die 12 Kandidaten\/innen der gr\u00fcnen Liste zur Kommunalwahl 2021 entgegennahmen.&nbsp; Axel Vetter, Christiane Becker und Ulla Vetter, als bisherige Stadtverordnete der GR\u00dcNEN, werden aber einer -hoffentlich- gro\u00dfen, neuen gr\u00fcnen Fraktion weiterhin mit Rat und Tat zur Seite stehen.<\/span><\/figcaption><\/figure>\n<p style=\"text-align: center;\"><img loading=\"lazy\" decoding=\"async\" class=\"aligncenter  wp-image-1064\" src=\"http:\/\/www.gruene-wolfhagen.de\/wp-content\/uploads\/2021\/03\/P1110866.jpg\" alt=\"\" width=\"522\" height=\"392\" srcset=\"http:\/\/www.gruene-wolfhagen.de\/wp-content\/uploads\/2021\/03\/P1110866.jpg 2560w, http:\/\/www.gruene-wolfhagen.de\/wp-content\/uploads\/2021\/03\/P1110866-300x225.jpg 300w, http:\/\/www.gruene-wolfhagen.de\/wp-content\/uploads\/2021\/03\/P1110866-768x576.jpg 768w, http:\/\/www.gruene-wolfhagen.de\/wp-content\/uploads\/2021\/03\/P1110866-1024x768.jpg 1024w\" sizes=\"auto, (max-width: 522px) 100vw, 522px\" \/><strong>Unsere KandidatInnen mit Bild und Statement?<br \/>\n<\/strong><strong>Oben in der Auswahlleiste auf &#8222;Politik f\u00fcr Wolfhagen&#8220; klicken!<\/strong><\/p>\n","protected":false},"excerpt":{"rendered":"<p>Unsere KandidatInnen mit Bild und Statement? Oben in der Auswahlleiste auf &#8222;Politik f\u00fcr Wolfhagen&#8220; klicken!<\/p>\n","protected":false},"author":-1,"featured_media":0,"comment_status":"closed","ping_status":"closed","sticky":false,"template":"","format":"standard","meta":{"ngg_post_thumbnail":0,"footnotes":""},"categories":[1],"tags":[],"class_list":["post-1100","post","type-post","status-publish","format-standard","hentry","category-allgemein"],"_links":{"self":[{"href":"http:\/\/www.gruene-wolfhagen.de\/index.php?rest_route=\/wp\/v2\/posts\/1100","targetHints":{"allow":["GET"]}}],"collection":[{"href":"http:\/\/www.gruene-wolfhagen.de\/index.php?rest_route=\/wp\/v2\/posts"}],"about":[{"href":"http:\/\/www.gruene-wolfhagen.de\/index.php?rest_route=\/wp\/v2\/types\/post"}],"author":[{"embeddable":true,"href":"http:\/\/www.gruene-wolfhagen.de\/index.php?rest_route=\/wp\/v2\/users\/3"}],"replies":[{"embeddable":true,"href":"http:\/\/www.gruene-wolfhagen.de\/index.php?rest_route=%2Fwp%2Fv2%2Fcomments&post=1100"}],"version-history":[{"count":2,"href":"http:\/\/www.gruene-wolfhagen.de\/index.php?rest_route=\/wp\/v2\/posts\/1100\/revisions"}],"predecessor-version":[{"id":1102,"href":"http:\/\/www.gruene-wolfhagen.de\/index.php?rest_route=\/wp\/v2\/posts\/1100\/revisions\/1102"}],"wp:attachment":[{"href":"http:\/\/www.gruene-wolfhagen.de\/index.php?rest_route=%2Fwp%2Fv2%2Fmedia&parent=1100"}],"wp:term":[{"taxonomy":"category","embeddable":true,"href":"http:\/\/www.gruene-wolfhagen.de\/index.php?rest_route=%2Fwp%2Fv2%2Fcategories&post=1100"},{"taxonomy":"post_tag","embeddable":true,"href":"http:\/\/www.gruene-wolfhagen.de\/index.php?rest_route=%2Fwp%2Fv2%2Ftags&post=1100"}],"curies":[{"name":"wp","href":"https:\/\/api.w.org\/{rel}","templated":true}]}}