{"id":1109,"date":"2021-03-18T22:44:20","date_gmt":"2021-03-18T21:44:20","guid":{"rendered":"http:\/\/www.gruene-wolfhagen.de\/?p=1109"},"modified":"2021-03-18T22:44:20","modified_gmt":"2021-03-18T21:44:20","slug":"vielen-dank-an-alle-buergerinnen-und-buerger-die-zu-diesem-guten-gruenen-wahlergebnis-beigetragen-haben-die-stimme-fuer-klimaschutz-verkehrswende-und-gute-gesundheitspolitik-wird-im-kommunalparlame","status":"publish","type":"post","link":"http:\/\/www.gruene-wolfhagen.de\/?p=1109","title":{"rendered":"Vielen Dank an alle B\u00fcrgerinnen und B\u00fcrger, die zu diesem guten GR\u00dcNEN Wahlergebnis beigetragen haben! Die Stimme f\u00fcr Klimaschutz, Verkehrswende und gute Gesundheitspolitik wird im Kommunalparlament deutlich h\u00f6rbar sein!"},"content":{"rendered":"<p><img loading=\"lazy\" decoding=\"async\" class=\"aligncenter size-full wp-image-1105\" src=\"http:\/\/www.gruene-wolfhagen.de\/wp-content\/uploads\/2021\/03\/Kommmunalwahl-2021-20210317_Wolfhagen_Kommunalwahl_Ergebnis_HNA-Kommentar.jpg\" alt=\"\" width=\"1021\" height=\"809\" srcset=\"http:\/\/www.gruene-wolfhagen.de\/wp-content\/uploads\/2021\/03\/Kommmunalwahl-2021-20210317_Wolfhagen_Kommunalwahl_Ergebnis_HNA-Kommentar.jpg 1021w, http:\/\/www.gruene-wolfhagen.de\/wp-content\/uploads\/2021\/03\/Kommmunalwahl-2021-20210317_Wolfhagen_Kommunalwahl_Ergebnis_HNA-Kommentar-300x238.jpg 300w, http:\/\/www.gruene-wolfhagen.de\/wp-content\/uploads\/2021\/03\/Kommmunalwahl-2021-20210317_Wolfhagen_Kommunalwahl_Ergebnis_HNA-Kommentar-768x609.jpg 768w\" sizes=\"auto, (max-width: 1021px) 100vw, 1021px\" \/>HNA WOH vom 17.03.2021<\/p>\n","protected":false},"excerpt":{"rendered":"<p>HNA WOH vom 17.03.2021<\/p>\n","protected":false},"author":-1,"featured_media":0,"comment_status":"closed","ping_status":"closed","sticky":false,"template":"","format":"standard","meta":{"ngg_post_thumbnail":0,"footnotes":""},"categories":[1],"tags":[],"class_list":["post-1109","post","type-post","status-publish","format-standard","hentry","category-allgemein"],"_links":{"self":[{"href":"http:\/\/www.gruene-wolfhagen.de\/index.php?rest_route=\/wp\/v2\/posts\/1109","targetHints":{"allow":["GET"]}}],"collection":[{"href":"http:\/\/www.gruene-wolfhagen.de\/index.php?rest_route=\/wp\/v2\/posts"}],"about":[{"href":"http:\/\/www.gruene-wolfhagen.de\/index.php?rest_route=\/wp\/v2\/types\/post"}],"author":[{"embeddable":true,"href":"http:\/\/www.gruene-wolfhagen.de\/index.php?rest_route=\/wp\/v2\/users\/3"}],"replies":[{"embeddable":true,"href":"http:\/\/www.gruene-wolfhagen.de\/index.php?rest_route=%2Fwp%2Fv2%2Fcomments&post=1109"}],"version-history":[{"count":5,"href":"http:\/\/www.gruene-wolfhagen.de\/index.php?rest_route=\/wp\/v2\/posts\/1109\/revisions"}],"predecessor-version":[{"id":1114,"href":"http:\/\/www.gruene-wolfhagen.de\/index.php?rest_route=\/wp\/v2\/posts\/1109\/revisions\/1114"}],"wp:attachment":[{"href":"http:\/\/www.gruene-wolfhagen.de\/index.php?rest_route=%2Fwp%2Fv2%2Fmedia&parent=1109"}],"wp:term":[{"taxonomy":"category","embeddable":true,"href":"http:\/\/www.gruene-wolfhagen.de\/index.php?rest_route=%2Fwp%2Fv2%2Fcategories&post=1109"},{"taxonomy":"post_tag","embeddable":true,"href":"http:\/\/www.gruene-wolfhagen.de\/index.php?rest_route=%2Fwp%2Fv2%2Ftags&post=1109"}],"curies":[{"name":"wp","href":"https:\/\/api.w.org\/{rel}","templated":true}]}}