{"id":1116,"date":"2021-11-28T23:25:25","date_gmt":"2021-11-28T22:25:25","guid":{"rendered":"http:\/\/www.gruene-wolfhagen.de\/?p=1116"},"modified":"2021-11-28T23:25:25","modified_gmt":"2021-11-28T22:25:25","slug":"einladung-gruener-stammtisch-am-9-dez-2021-um-1930-uhr-im-restaurant-chattenturm-wolfhagen","status":"publish","type":"post","link":"http:\/\/www.gruene-wolfhagen.de\/?p=1116","title":{"rendered":"EINLADUNG:   Gr\u00fcner Stammtisch am 9. Dez. 2021 um 19:30 Uhr im Restaurant &#8222;Chattenturm&#8220;, Wolfhagen"},"content":{"rendered":"<p><img loading=\"lazy\" decoding=\"async\" class=\"aligncenter wp-image-1123\" src=\"http:\/\/www.gruene-wolfhagen.de\/wp-content\/uploads\/2021\/11\/stammtisch-bunter-Tisch.jpg\" alt=\"\" width=\"209\" height=\"148\">Liebe Mitglieder, Freunde und Interessierte,<\/p>\n<p>Christiane hat den Termin im Resto klargemacht und so kann ich Euch herzlich zu einem gr\u00fcnen Stammtisch unseres Ortsverbandes<br \/>\n<b>im Restaurant &#8222;Chattenturm&#8220; am Donnerstag, den 09. Dezember 2021 um 19:30 Uhr<\/b> einladen! <strong>Es gilt die 2G &#8211; Regel.<\/strong><br \/>\nWir hofffen sehr, dass uns nicht noch ein Lockdown dazwischen kommt. <span style=\"font-size: small;\">(Sollte sich das noch auf 2G-Plus versch\u00e4rfen oder wir gehalten sind, den Stammtisch online abzuhalten, erfolgt eine Info.).&nbsp;<\/span><\/p>\n<p>Es gibt interessante Themen zu besprechen!<br \/>\nWir begr\u00fc\u00dfen neue Mitglieder und unsere neue, f\u00fcnfk\u00f6pfige gr\u00fcne Stadtverordnetenfraktion hat sich im &#8222;Dschungel&#8220; der Kommunalpolitik inzwischen gut orientiert.<br \/>\nSie ist mit Schwung in die Arbeit gestartet. <strong>Was unsere gr\u00fcnen Vertreter in der Stavo bereits erlebt und bewirkt haben, werden wir h\u00f6ren!<br \/>\n<\/strong>Ja &#8211; und dann sollten wir auch mal \u00fcber den Koalitionsvertrag der &#8222;Bundes-Ampel&#8220; diskutieren! Hier kommen ein paar Ausz\u00fcge:<br \/>\n<i>&gt;Wir werden <\/i><i><strong>klimasch\u00e4dliche Subventionen<\/strong><\/i><i> reduzieren. In einem ersten Schritt werden wir die LKW Maut nach dem CO2-Aussto\u00df reformieren und auch den G\u00fcterverkehr schon ab 3,5 Tonnen in die Maut einbeziehen.<br \/>\n&gt;Wir wollen die <b>F\u00f6rderung von PKW &#8211; auch von Dienstwagen <\/b>&#8211; schrittweise so reformieren, dass sie nachweislich einen positiven Effekt f\u00fcr Klimaschutz hat.<br \/>\n&gt;Au\u00dferdem werden k\u00fcnftig die Hersteller von <\/i><i><strong>Plastik eine Abgabe<\/strong><\/i><i> entrichten. <\/i><i><br \/>\n<\/i><i>&gt;Wir st\u00e4rken den \u00d6kolandbau, <\/i><i><strong>Ziel ist 30 Prozent \u00f6kologische Anbaufl\u00e4che bis 2030<\/strong><\/i><i>.<br \/>\n&gt;Neben einer <\/i><i><strong>verbindlichen Tierhaltungskennzeichnung<\/strong><\/i><i>, die auch Transport und Schlachtung umfasst, wird ein finanzielles System etabliert, \u00fcber das die Tierhalter beim <\/i><i><strong>Umbau der Nutztierhaltung unterst\u00fctzt werden<\/strong><\/i><i>. Steigern wir die CO2-Speicherf\u00e4higkeit der Natur und revitalisieren Lebensr\u00e4ume f\u00fcr die Artenvielfalt.<br \/>\n<b>&gt; Aktionsprogramm &#8222;naturlicher Klimaschutz <\/b>: Moore wiedervern\u00e4ssen, Neu- und Wiederbewaldung f\u00f6rdern, naturnahe Fl\u00fcsse erhalten und marine \u00d6kosysteme st\u00e4rken.&nbsp;<br \/>\n&gt;<b>Glyphosat bis Ende 2023<\/b> wird vom Markt genommen.<br \/>\n<strong>&gt;G<\/strong><\/i><i><strong>esunde Ern\u00e4hrung<\/strong><\/i><i>: Kennzeichnung von&nbsp; Lebensmitteln (Nutri-Score) und eine bessere Regulierung von Werbung f\u00fcr Kinder.<br \/>\n&gt; Ein <\/i><i><strong>Recht auf Reparatur<\/strong><\/i><i> und wir stellen den Zugang zu Ersatzteilen, Reparaturanleitungen und Updates sicher.<\/i><\/p>\n<p>Das wird spannend, denn daraus leiten sich auch M\u00f6glichkeiten f\u00fcr unsere Kommunalpolitik ab!<\/p>\n<p>Also, freuen wir uns auf einen anregenden, interessanten und gemeinsamen Stammtischabend! Bis dahin!<br \/>\n<img loading=\"lazy\" decoding=\"async\" class=\"aligncenter size-full wp-image-1096\" src=\"http:\/\/www.gruene-wolfhagen.de\/wp-content\/uploads\/2021\/03\/Gr\u00fcn-weltoffen-\u00f6kologisch-gerecht.jpg\" alt=\"\" width=\"406\" height=\"124\" srcset=\"http:\/\/www.gruene-wolfhagen.de\/wp-content\/uploads\/2021\/03\/Gr\u00fcn-weltoffen-\u00f6kologisch-gerecht.jpg 406w, http:\/\/www.gruene-wolfhagen.de\/wp-content\/uploads\/2021\/03\/Gr\u00fcn-weltoffen-\u00f6kologisch-gerecht-300x92.jpg 300w\" sizes=\"auto, (max-width: 406px) 100vw, 406px\" \/><\/p>\n","protected":false},"excerpt":{"rendered":"<p>Liebe Mitglieder, Freunde und Interessierte, Christiane hat den Termin im Resto klargemacht und so kann ich Euch herzlich zu einem gr\u00fcnen Stammtisch unseres Ortsverbandes im Restaurant &#8222;Chattenturm&#8220; am Donnerstag, den [&hellip;]<\/p>\n","protected":false},"author":-1,"featured_media":0,"comment_status":"closed","ping_status":"closed","sticky":false,"template":"","format":"standard","meta":{"ngg_post_thumbnail":0,"footnotes":""},"categories":[1],"tags":[],"class_list":["post-1116","post","type-post","status-publish","format-standard","hentry","category-allgemein"],"_links":{"self":[{"href":"http:\/\/www.gruene-wolfhagen.de\/index.php?rest_route=\/wp\/v2\/posts\/1116","targetHints":{"allow":["GET"]}}],"collection":[{"href":"http:\/\/www.gruene-wolfhagen.de\/index.php?rest_route=\/wp\/v2\/posts"}],"about":[{"href":"http:\/\/www.gruene-wolfhagen.de\/index.php?rest_route=\/wp\/v2\/types\/post"}],"author":[{"embeddable":true,"href":"http:\/\/www.gruene-wolfhagen.de\/index.php?rest_route=\/wp\/v2\/users\/3"}],"replies":[{"embeddable":true,"href":"http:\/\/www.gruene-wolfhagen.de\/index.php?rest_route=%2Fwp%2Fv2%2Fcomments&post=1116"}],"version-history":[{"count":16,"href":"http:\/\/www.gruene-wolfhagen.de\/index.php?rest_route=\/wp\/v2\/posts\/1116\/revisions"}],"predecessor-version":[{"id":1137,"href":"http:\/\/www.gruene-wolfhagen.de\/index.php?rest_route=\/wp\/v2\/posts\/1116\/revisions\/1137"}],"wp:attachment":[{"href":"http:\/\/www.gruene-wolfhagen.de\/index.php?rest_route=%2Fwp%2Fv2%2Fmedia&parent=1116"}],"wp:term":[{"taxonomy":"category","embeddable":true,"href":"http:\/\/www.gruene-wolfhagen.de\/index.php?rest_route=%2Fwp%2Fv2%2Fcategories&post=1116"},{"taxonomy":"post_tag","embeddable":true,"href":"http:\/\/www.gruene-wolfhagen.de\/index.php?rest_route=%2Fwp%2Fv2%2Ftags&post=1116"}],"curies":[{"name":"wp","href":"https:\/\/api.w.org\/{rel}","templated":true}]}}