{"id":1148,"date":"2022-08-01T16:48:33","date_gmt":"2022-08-01T14:48:33","guid":{"rendered":"http:\/\/www.gruene-wolfhagen.de\/?p=1148"},"modified":"2022-08-01T16:48:33","modified_gmt":"2022-08-01T14:48:33","slug":"gruener-stammtisch-und-migliederversammlung-am-17-aug-2022-um-1930-uhr-im-restaurant-chattenturm","status":"publish","type":"post","link":"http:\/\/www.gruene-wolfhagen.de\/?p=1148","title":{"rendered":"Gr\u00fcner Stammtisch und Migliederversammlung am 17. Aug. 2022 um 19:30 Uhr im Restaurant \u201eChattenturm\u201c"},"content":{"rendered":"<p><img loading=\"lazy\" decoding=\"async\" class=\"alignleft  wp-image-1125\" src=\"http:\/\/www.gruene-wolfhagen.de\/wp-content\/uploads\/2021\/11\/Stammtisch-Logo.png\" alt=\"\" width=\"134\" height=\"134\" srcset=\"http:\/\/www.gruene-wolfhagen.de\/wp-content\/uploads\/2021\/11\/Stammtisch-Logo.png 800w, http:\/\/www.gruene-wolfhagen.de\/wp-content\/uploads\/2021\/11\/Stammtisch-Logo-150x150.png 150w, http:\/\/www.gruene-wolfhagen.de\/wp-content\/uploads\/2021\/11\/Stammtisch-Logo-300x300.png 300w, http:\/\/www.gruene-wolfhagen.de\/wp-content\/uploads\/2021\/11\/Stammtisch-Logo-768x768.png 768w\" sizes=\"auto, (max-width: 134px) 100vw, 134px\" \/><\/p>\n<p><strong>Herzliche Einladung:<\/strong><br \/>\nZum gr\u00fcnen Stammtisch<b> <\/b>und zur Jahresmitgliederversammlung<b> <\/b>unseres Ortsverbandes Wolfhagen im<br \/>\n<b> Restaurant \u201eChattenturm\u201c am Mittwoch, den 17. August 2022 um 19:30 Uhr<\/b><br \/>\nWir hoffen, Ihr\/Sie hatten schon einige sch\u00f6ne Urlaubstage und wir k\u00f6nnen uns so, trotz Sommerferien, in gro\u00dfer Anzahl zusammensetzen und diskutieren. Satzungsgem\u00e4\u00df steht dieses Jahr (alle 2. Jahre) auch die Wahl des Vorstandes des Ortsverbandes an.<\/p>\n<p style=\"text-align: left;\"><u>Tagesordnung:<\/u><u><br \/>\n<\/u><i>&gt; Jahresmitgliederversammlung-Teil:<\/i><br \/>\n[Der Vorstand des OV besteht aus dem\/ die Vorsitzenden, Stellvertreter, zwei Beisitzer,&nbsp; Schriftf\u00fchrer, Kassenwart (pro forma, Kasse f\u00fchrt der Kreisverband)].<br \/>\na) Begr\u00fc\u00dfung der aller Anwesenden<img loading=\"lazy\" decoding=\"async\" class=\"wp-image-1123 alignright\" src=\"http:\/\/www.gruene-wolfhagen.de\/wp-content\/uploads\/2021\/11\/stammtisch-bunter-Tisch.jpg\" alt=\"\" width=\"146\" height=\"103\"> (Mitglieder u. G\u00e4ste)<br \/>\nb) Feststellung der Beschlu\u00dff\u00e4higkeit (Mitglieder)<br \/>\nc) Entlastung des alten Vorstandes<br \/>\nd) Wahl des neuen Vorstandes<br \/>\ne) M\u00f6gliche gr\u00fcne Projekte im Herbst\/Winter<br \/>\n<i>&gt; Gr\u00fcner Stammtisch-Teil:<\/i><br \/>\ng) Bericht aus der Stadtverordnetenfraktion \u2013<br \/>\n&nbsp;&nbsp;&nbsp; Was unsere gr\u00fcnen Stadtverordneten bereits erlebt und bewirkt haben!<br \/>\nh) Offenes Gespr\u00e4ch \u00fcber diverse Themen, u.a.:<br \/>\n&nbsp; -aktueller Stand Umsetzung Radwegekonzept<br \/>\n&nbsp; -Netzausbau RWL Wolfhagen, Stand der Dinge, wie weiter?<br \/>\n&nbsp; -Solarpflicht in der Kommune bei Baulandverkauf u. st\u00e4dtebaulichen Vertr\u00e4gen.<br \/>\n&nbsp; -das leidige Schotterg\u00e4rten-Problem.<br \/>\n&nbsp; -Landkreis KS: Neubau Kreisklinik Hofgeismar &#8211; was bedeutet dies f\u00fcr Wolfhagen?<\/p>\n<p>Eventuell wird Daniel May (gr\u00fcnes MdL seit 2009, Korbach, schulpolitischer u. hochschulmedizinischer Sprecher der gr\u00fcnen Landtagsfraktion) &#8211; wenn es f\u00fcr ihn terminlich passt &#8211; noch bei uns dazusto\u00dfen und f\u00fcr unsere Fragen zur Verf\u00fcgung stehen. Hintergrund: Naumburg + Ortsteile wurden nach neuem Zuschnitt der Wahlkreise dem Wahlkreis Waldeck-Frankenberg zugeschlagen.<\/p>\n<p>Wir freuen uns auf einen anregenden, interessanten und gemeinsamen Stammtischabend, diesmal in Kombination mit der Jahresmitgliederversammlung!<br \/>\n<strong>&nbsp;\u2013 bis zum Mittwoch, den 17. August 2022&nbsp; um 19:30 Uhr !<\/strong><\/p>\n","protected":false},"excerpt":{"rendered":"<p>Herzliche Einladung: Zum gr\u00fcnen Stammtisch und zur Jahresmitgliederversammlung unseres Ortsverbandes Wolfhagen im Restaurant \u201eChattenturm\u201c am Mittwoch, den 17. August 2022 um 19:30 Uhr Wir hoffen, Ihr\/Sie hatten schon einige sch\u00f6ne [&hellip;]<\/p>\n","protected":false},"author":-1,"featured_media":0,"comment_status":"closed","ping_status":"closed","sticky":false,"template":"","format":"standard","meta":{"ngg_post_thumbnail":0,"footnotes":""},"categories":[1],"tags":[],"class_list":["post-1148","post","type-post","status-publish","format-standard","hentry","category-allgemein"],"_links":{"self":[{"href":"http:\/\/www.gruene-wolfhagen.de\/index.php?rest_route=\/wp\/v2\/posts\/1148","targetHints":{"allow":["GET"]}}],"collection":[{"href":"http:\/\/www.gruene-wolfhagen.de\/index.php?rest_route=\/wp\/v2\/posts"}],"about":[{"href":"http:\/\/www.gruene-wolfhagen.de\/index.php?rest_route=\/wp\/v2\/types\/post"}],"author":[{"embeddable":true,"href":"http:\/\/www.gruene-wolfhagen.de\/index.php?rest_route=\/wp\/v2\/users\/3"}],"replies":[{"embeddable":true,"href":"http:\/\/www.gruene-wolfhagen.de\/index.php?rest_route=%2Fwp%2Fv2%2Fcomments&post=1148"}],"version-history":[{"count":26,"href":"http:\/\/www.gruene-wolfhagen.de\/index.php?rest_route=\/wp\/v2\/posts\/1148\/revisions"}],"predecessor-version":[{"id":1174,"href":"http:\/\/www.gruene-wolfhagen.de\/index.php?rest_route=\/wp\/v2\/posts\/1148\/revisions\/1174"}],"wp:attachment":[{"href":"http:\/\/www.gruene-wolfhagen.de\/index.php?rest_route=%2Fwp%2Fv2%2Fmedia&parent=1148"}],"wp:term":[{"taxonomy":"category","embeddable":true,"href":"http:\/\/www.gruene-wolfhagen.de\/index.php?rest_route=%2Fwp%2Fv2%2Fcategories&post=1148"},{"taxonomy":"post_tag","embeddable":true,"href":"http:\/\/www.gruene-wolfhagen.de\/index.php?rest_route=%2Fwp%2Fv2%2Ftags&post=1148"}],"curies":[{"name":"wp","href":"https:\/\/api.w.org\/{rel}","templated":true}]}}