{"id":1304,"date":"2025-01-01T22:26:29","date_gmt":"2025-01-01T21:26:29","guid":{"rendered":"http:\/\/www.gruene-wolfhagen.de\/?p=1304"},"modified":"2025-01-09T22:57:06","modified_gmt":"2025-01-09T21:57:06","slug":"gruener-stammtisch-und-mitgliederversammlung-am-montag-den-25-nov-2024-um-1900-uhr-in-der-gaststaette-zur-knackenburg-wolfhagen-burgstr-12","status":"publish","type":"post","link":"http:\/\/www.gruene-wolfhagen.de\/?p=1304","title":{"rendered":"Gr\u00fcner Stammtisch am Montag, den 13. Januar 2025 um 19:00 Uhr in der Gastst\u00e4tte &#8222;Zur Knackenburg&#8220;, Wolfhagen, Burgstr.12"},"content":{"rendered":"\n<p><strong>Herzliche Einladung an alle politisch Interessierten und Mitglieder zum 1. gr\u00fcnen Stammtisch in 2025!<\/strong><br><strong><br>Unser Thema:\u00a0<\/strong> Die Bundestagswahl klopft an!<br><\/p>\n\n\n\n<figure class=\"wp-block-image size-full is-resized\"><img loading=\"lazy\" decoding=\"async\" width=\"400\" height=\"278\" src=\"http:\/\/www.gruene-wolfhagen.de\/wp-content\/uploads\/2024\/11\/4SVRld2roHKeeiaS.jpg\" alt=\"\" class=\"wp-image-1395\" style=\"width:280px;height:auto\" srcset=\"http:\/\/www.gruene-wolfhagen.de\/wp-content\/uploads\/2024\/11\/4SVRld2roHKeeiaS.jpg 400w, http:\/\/www.gruene-wolfhagen.de\/wp-content\/uploads\/2024\/11\/4SVRld2roHKeeiaS-300x209.jpg 300w\" sizes=\"auto, (max-width: 400px) 100vw, 400px\" \/><\/figure>\n\n\n\n<figure class=\"wp-block-image size-full is-resized\"><img loading=\"lazy\" decoding=\"async\" width=\"150\" height=\"150\" src=\"http:\/\/www.gruene-wolfhagen.de\/wp-content\/uploads\/2024\/11\/BanaszakBrantnerHabeck-DTSAm7WnB3nfEKE5-150x150-1.jpg\" alt=\"\" class=\"wp-image-1397\" style=\"width:293px;height:auto\"\/><\/figure>\n\n\n\n<p><em>(Felix Banaszak+Franziska Brantner+Robert Habeck)<\/em><br>Felix Banaszak:<br><em>&#8222;Probleml\u00f6ser, das ist Robert Habeck.<br>Der Merz ist nur gut darin Probleme zu beschreiben.<br>Kanzler Scholz bestaunt sie. &#8222;<br><\/em><br>Robert Habeck zu Elon Musk:<br><em>\u201eDie Kombination von ungeheurem Reichtum,<br>der Kontrolle \u00fcber Informationen und Netzwerke,<br>dem Einsatz von k\u00fcnstlicher Intelligenz und dem Willen,<br>Regeln zu ignorieren, ist ein Frontalangriff\u00a0auf\u00a0unsere\u00a0Demokratie. Finger weg!\u201c<br><\/em><br>Robert Habeck zur CDU\/CSU:<br><em>&#8222;Sie will Reiche noch reicher machen. Die Steuersenkungspl\u00e4ne sind nicht gegenfinanziert.<br>Die L\u00fccke im Wahlprogramm der Union: 100 Milliarden Euro.<br>Es ist einfach eine einzige Flunker-Kanone, die sie da hingestellt haben&#8220;.<\/em><\/p>\n\n\n\n<p>Nach nur drei Jahren Ampel-Regierung:<br><em>Es ist schon erstaunlich, welche enorme Wirkmacht CDU\/CSU\/FDP\/AfD dabei den GR\u00dcNEN unterstellen!<br>Angst, keine L\u00f6sungen f\u00fcr heraufziehende Probleme zu haben? Angst &#8211; um Pfr\u00fcnde?<br>Desinformationskampagnen laufen auf Hochtouren. Ist es diesmal vielleicht doch eine Richtungswahl &#8211; 2025?<br>Aufkl\u00e4rung, Emanzipation, Nonkonformismus, \u00f6kologische Verantwortung und soziale Orientierung<br>gegen\u00fcber Machismus, Illiberalismus, z\u00fcgellosem Profitstreben und kultureller Konformit\u00e4t?<\/em><br><\/p>\n","protected":false},"excerpt":{"rendered":"<p>Herzliche Einladung an alle politisch Interessierten und Mitglieder zum 1. gr\u00fcnen Stammtisch in 2025!Unser Thema:\u00a0 Die Bundestagswahl klopft an! (Felix Banaszak+Franziska Brantner+Robert Habeck)Felix Banaszak:&#8222;Probleml\u00f6ser, das ist Robert Habeck.Der Merz ist [&hellip;]<\/p>\n","protected":false},"author":-1,"featured_media":1395,"comment_status":"closed","ping_status":"closed","sticky":false,"template":"","format":"standard","meta":{"ngg_post_thumbnail":0,"footnotes":""},"categories":[1],"tags":[],"class_list":["post-1304","post","type-post","status-publish","format-standard","has-post-thumbnail","hentry","category-allgemein"],"_links":{"self":[{"href":"http:\/\/www.gruene-wolfhagen.de\/index.php?rest_route=\/wp\/v2\/posts\/1304","targetHints":{"allow":["GET"]}}],"collection":[{"href":"http:\/\/www.gruene-wolfhagen.de\/index.php?rest_route=\/wp\/v2\/posts"}],"about":[{"href":"http:\/\/www.gruene-wolfhagen.de\/index.php?rest_route=\/wp\/v2\/types\/post"}],"author":[{"embeddable":true,"href":"http:\/\/www.gruene-wolfhagen.de\/index.php?rest_route=\/wp\/v2\/users\/3"}],"replies":[{"embeddable":true,"href":"http:\/\/www.gruene-wolfhagen.de\/index.php?rest_route=%2Fwp%2Fv2%2Fcomments&post=1304"}],"version-history":[{"count":5,"href":"http:\/\/www.gruene-wolfhagen.de\/index.php?rest_route=\/wp\/v2\/posts\/1304\/revisions"}],"predecessor-version":[{"id":1398,"href":"http:\/\/www.gruene-wolfhagen.de\/index.php?rest_route=\/wp\/v2\/posts\/1304\/revisions\/1398"}],"wp:featuredmedia":[{"embeddable":true,"href":"http:\/\/www.gruene-wolfhagen.de\/index.php?rest_route=\/wp\/v2\/media\/1395"}],"wp:attachment":[{"href":"http:\/\/www.gruene-wolfhagen.de\/index.php?rest_route=%2Fwp%2Fv2%2Fmedia&parent=1304"}],"wp:term":[{"taxonomy":"category","embeddable":true,"href":"http:\/\/www.gruene-wolfhagen.de\/index.php?rest_route=%2Fwp%2Fv2%2Fcategories&post=1304"},{"taxonomy":"post_tag","embeddable":true,"href":"http:\/\/www.gruene-wolfhagen.de\/index.php?rest_route=%2Fwp%2Fv2%2Ftags&post=1304"}],"curies":[{"name":"wp","href":"https:\/\/api.w.org\/{rel}","templated":true}]}}