{"id":1404,"date":"2025-08-27T23:45:12","date_gmt":"2025-08-27T21:45:12","guid":{"rendered":"http:\/\/www.gruene-wolfhagen.de\/?p=1404"},"modified":"2025-08-27T23:45:13","modified_gmt":"2025-08-27T21:45:13","slug":"gruener-sommertreff-2025","status":"publish","type":"post","link":"http:\/\/www.gruene-wolfhagen.de\/?p=1404","title":{"rendered":"Gr\u00fcner Sommertreff 2025"},"content":{"rendered":"\n<p><strong>am Sonntag, 31. August.2024 von 14:00 &#8211; 18:00 Uhr<\/strong><br><strong>Ort: Stadtwald Wolfhagen, Wanderparkplatz &#8222;Heller Platz&#8220;.<\/strong><\/p>\n\n\n\n<p>Wir sitzen zusammen, Schnuddeln, Essen und Trinken. Ein familienfreundlicher Sonntagnachmittag mit einem kleinen M\u00e4rchentheater\/Besch\u00e4ftigung f\u00fcr die Kinder. <br>Ein aktuelles Thema in Zeiten von erlebbarer Klimaver\u00e4nderungen ist das Thema &#8222;Wasser&#8220;! Wir haben zwei Fachleute gebeten, uns im lockeren Rahmen dar\u00fcber Wissenswertes zu erz\u00e4hlen:<br>Friedrich Vollbracht, Wolfhager F\u00f6rster wird uns Wissen und in einer kleinen Exkursion die Situation vor Ort n\u00e4her bringen, denn Wasserhaushalt und Forstwirtschaft h\u00e4ngen eng zusammen.<br>W\u00e4lder speichern Wasser, filtern es und mildern die Auswirkungen von D\u00fcrre und Starkregen. Der Wald beeinflusst zudem die Qualit\u00e4t unseres Wassers. <br>Zur Wasserqualit\u00e4t in Wolfhagen, den Bem\u00fchungen, diese zu erhalten und zur Grundwassersituation in der Region wird Thomas M\u00fcller, Wassermeister der Regionalwerke Wolfhagen<br>uns dazu Interessantes und Wissenswertes erz\u00e4hlen k\u00f6nnen.<br>Last but not least: Mit den gr\u00fcnen Stadtverordneten in ein lockeres Gespr\u00e4ch kommen. Und vielleicht schaut auch Sascha Meier, unser gr\u00fcner Landtagsabgeordneter vorbei.<br><br>Wir freuen uns auf eine rege Teilnahme, gute Gespr\u00e4che und einen<br>sch\u00f6nen, gemeinsamen Sonntagnachmittag!<br><br>Bis dahin &#8211; viele Gr\u00fc\u00dfe!<\/p>\n\n\n\n\n\n<p><\/p>\n","protected":false},"excerpt":{"rendered":"<p>am Sonntag, 31. August.2024 von 14:00 &#8211; 18:00 UhrOrt: Stadtwald Wolfhagen, Wanderparkplatz &#8222;Heller Platz&#8220;. Wir sitzen zusammen, Schnuddeln, Essen und Trinken. Ein familienfreundlicher Sonntagnachmittag mit einem kleinen M\u00e4rchentheater\/Besch\u00e4ftigung f\u00fcr die [&hellip;]<\/p>\n","protected":false},"author":-1,"featured_media":0,"comment_status":"closed","ping_status":"closed","sticky":false,"template":"","format":"standard","meta":{"ngg_post_thumbnail":0,"footnotes":""},"categories":[1],"tags":[],"class_list":["post-1404","post","type-post","status-publish","format-standard","hentry","category-allgemein"],"_links":{"self":[{"href":"http:\/\/www.gruene-wolfhagen.de\/index.php?rest_route=\/wp\/v2\/posts\/1404","targetHints":{"allow":["GET"]}}],"collection":[{"href":"http:\/\/www.gruene-wolfhagen.de\/index.php?rest_route=\/wp\/v2\/posts"}],"about":[{"href":"http:\/\/www.gruene-wolfhagen.de\/index.php?rest_route=\/wp\/v2\/types\/post"}],"author":[{"embeddable":true,"href":"http:\/\/www.gruene-wolfhagen.de\/index.php?rest_route=\/wp\/v2\/users\/3"}],"replies":[{"embeddable":true,"href":"http:\/\/www.gruene-wolfhagen.de\/index.php?rest_route=%2Fwp%2Fv2%2Fcomments&post=1404"}],"version-history":[{"count":5,"href":"http:\/\/www.gruene-wolfhagen.de\/index.php?rest_route=\/wp\/v2\/posts\/1404\/revisions"}],"predecessor-version":[{"id":1413,"href":"http:\/\/www.gruene-wolfhagen.de\/index.php?rest_route=\/wp\/v2\/posts\/1404\/revisions\/1413"}],"wp:attachment":[{"href":"http:\/\/www.gruene-wolfhagen.de\/index.php?rest_route=%2Fwp%2Fv2%2Fmedia&parent=1404"}],"wp:term":[{"taxonomy":"category","embeddable":true,"href":"http:\/\/www.gruene-wolfhagen.de\/index.php?rest_route=%2Fwp%2Fv2%2Fcategories&post=1404"},{"taxonomy":"post_tag","embeddable":true,"href":"http:\/\/www.gruene-wolfhagen.de\/index.php?rest_route=%2Fwp%2Fv2%2Ftags&post=1404"}],"curies":[{"name":"wp","href":"https:\/\/api.w.org\/{rel}","templated":true}]}}