{"id":863,"date":"2019-03-05T15:37:21","date_gmt":"2019-03-05T14:37:21","guid":{"rendered":"http:\/\/www.gruene-wolfhagen.de\/?p=863"},"modified":"2019-03-05T15:46:58","modified_gmt":"2019-03-05T14:46:58","slug":"europawahl-2019-kein-weiter-wie-bisher-kein-zurueck-in-den-nationalismus-oekologisch-demokratisch-und-sozial-dafuer-stehen-wir","status":"publish","type":"post","link":"http:\/\/www.gruene-wolfhagen.de\/?p=863","title":{"rendered":"EUROPAWAHL 2019  Kein weiter wie bisher. Kein Zur\u00fcck in den Nationalismus. \u00d6kologisch, demokratisch und sozial. Daf\u00fcr stehen wir."},"content":{"rendered":"<p><iframe loading=\"lazy\" title=\"Sven Giegold: Gr\u00fcner Spitzenkandidat zur Europawahl\" width=\"640\" height=\"480\" src=\"https:\/\/www.youtube.com\/embed\/sTFRFy4jcN4?feature=oembed\" frameborder=\"0\" allow=\"accelerometer; autoplay; clipboard-write; encrypted-media; gyroscope; picture-in-picture; web-share\" referrerpolicy=\"strict-origin-when-cross-origin\" allowfullscreen><\/iframe><\/p>\n","protected":false},"excerpt":{"rendered":"","protected":false},"author":-1,"featured_media":0,"comment_status":"closed","ping_status":"closed","sticky":false,"template":"","format":"standard","meta":{"ngg_post_thumbnail":0,"footnotes":""},"categories":[1],"tags":[],"class_list":["post-863","post","type-post","status-publish","format-standard","hentry","category-allgemein"],"_links":{"self":[{"href":"http:\/\/www.gruene-wolfhagen.de\/index.php?rest_route=\/wp\/v2\/posts\/863","targetHints":{"allow":["GET"]}}],"collection":[{"href":"http:\/\/www.gruene-wolfhagen.de\/index.php?rest_route=\/wp\/v2\/posts"}],"about":[{"href":"http:\/\/www.gruene-wolfhagen.de\/index.php?rest_route=\/wp\/v2\/types\/post"}],"author":[{"embeddable":true,"href":"http:\/\/www.gruene-wolfhagen.de\/index.php?rest_route=\/wp\/v2\/users\/3"}],"replies":[{"embeddable":true,"href":"http:\/\/www.gruene-wolfhagen.de\/index.php?rest_route=%2Fwp%2Fv2%2Fcomments&post=863"}],"version-history":[{"count":3,"href":"http:\/\/www.gruene-wolfhagen.de\/index.php?rest_route=\/wp\/v2\/posts\/863\/revisions"}],"predecessor-version":[{"id":867,"href":"http:\/\/www.gruene-wolfhagen.de\/index.php?rest_route=\/wp\/v2\/posts\/863\/revisions\/867"}],"wp:attachment":[{"href":"http:\/\/www.gruene-wolfhagen.de\/index.php?rest_route=%2Fwp%2Fv2%2Fmedia&parent=863"}],"wp:term":[{"taxonomy":"category","embeddable":true,"href":"http:\/\/www.gruene-wolfhagen.de\/index.php?rest_route=%2Fwp%2Fv2%2Fcategories&post=863"},{"taxonomy":"post_tag","embeddable":true,"href":"http:\/\/www.gruene-wolfhagen.de\/index.php?rest_route=%2Fwp%2Fv2%2Ftags&post=863"}],"curies":[{"name":"wp","href":"https:\/\/api.w.org\/{rel}","templated":true}]}}