{"id":869,"date":"2019-04-27T00:02:29","date_gmt":"2019-04-26T22:02:29","guid":{"rendered":"http:\/\/www.gruene-wolfhagen.de\/?p=869"},"modified":"2019-04-27T00:02:29","modified_gmt":"2019-04-26T22:02:29","slug":"martin-haeusling-am-7-mai-2019-wolfhagen-marktplatz","status":"publish","type":"post","link":"http:\/\/www.gruene-wolfhagen.de\/?p=869","title":{"rendered":"Martin H\u00e4usling am 7. Mai 2019 &#8211; Wolfhagen Marktplatz"},"content":{"rendered":"<p>Am Dienstag, den 7.5.2019 von 11 &#8211; 15 Uhr gibt es einen Stand der Gr\u00fcnen auf dem Marktplatz Wolfhagen mit Martin H\u00e4usling als gr\u00fcner Europaparlamentarier und ausgewiesenen Experte zum Thema \u00f6kologischer Landwirtschaft und Artenschutz.&nbsp; Ferner wird es dort St\u00e4nde bzw. Produkte regionaler Anbieter geben.<br \/>\nMartin H\u00e4usling wei\u00df, wovon er spricht. Ein guter Gespr\u00e4chspartner f\u00fcr interessante, fachliche Diskussionen.<br \/>\nSchaut mal vorbei!<\/p>\n","protected":false},"excerpt":{"rendered":"<p>Am Dienstag, den 7.5.2019 von 11 &#8211; 15 Uhr gibt es einen Stand der Gr\u00fcnen auf dem Marktplatz Wolfhagen mit Martin H\u00e4usling als gr\u00fcner Europaparlamentarier und ausgewiesenen Experte zum Thema [&hellip;]<\/p>\n","protected":false},"author":-1,"featured_media":0,"comment_status":"closed","ping_status":"closed","sticky":false,"template":"","format":"standard","meta":{"ngg_post_thumbnail":0,"footnotes":""},"categories":[1],"tags":[],"class_list":["post-869","post","type-post","status-publish","format-standard","hentry","category-allgemein"],"_links":{"self":[{"href":"http:\/\/www.gruene-wolfhagen.de\/index.php?rest_route=\/wp\/v2\/posts\/869","targetHints":{"allow":["GET"]}}],"collection":[{"href":"http:\/\/www.gruene-wolfhagen.de\/index.php?rest_route=\/wp\/v2\/posts"}],"about":[{"href":"http:\/\/www.gruene-wolfhagen.de\/index.php?rest_route=\/wp\/v2\/types\/post"}],"author":[{"embeddable":true,"href":"http:\/\/www.gruene-wolfhagen.de\/index.php?rest_route=\/wp\/v2\/users\/3"}],"replies":[{"embeddable":true,"href":"http:\/\/www.gruene-wolfhagen.de\/index.php?rest_route=%2Fwp%2Fv2%2Fcomments&post=869"}],"version-history":[{"count":1,"href":"http:\/\/www.gruene-wolfhagen.de\/index.php?rest_route=\/wp\/v2\/posts\/869\/revisions"}],"predecessor-version":[{"id":870,"href":"http:\/\/www.gruene-wolfhagen.de\/index.php?rest_route=\/wp\/v2\/posts\/869\/revisions\/870"}],"wp:attachment":[{"href":"http:\/\/www.gruene-wolfhagen.de\/index.php?rest_route=%2Fwp%2Fv2%2Fmedia&parent=869"}],"wp:term":[{"taxonomy":"category","embeddable":true,"href":"http:\/\/www.gruene-wolfhagen.de\/index.php?rest_route=%2Fwp%2Fv2%2Fcategories&post=869"},{"taxonomy":"post_tag","embeddable":true,"href":"http:\/\/www.gruene-wolfhagen.de\/index.php?rest_route=%2Fwp%2Fv2%2Ftags&post=869"}],"curies":[{"name":"wp","href":"https:\/\/api.w.org\/{rel}","templated":true}]}}