{"id":872,"date":"2019-06-23T14:24:02","date_gmt":"2019-06-23T12:24:02","guid":{"rendered":"http:\/\/www.gruene-wolfhagen.de\/?p=872"},"modified":"2019-06-23T14:37:07","modified_gmt":"2019-06-23T12:37:07","slug":"gruener-stammtisch-am-26-06-2016-mittwoch-1930-uhr-im-restaurant-zum-chattenturm-wolfhagen","status":"publish","type":"post","link":"http:\/\/www.gruene-wolfhagen.de\/?p=872","title":{"rendered":"Gr\u00fcner Stammtisch am 26. 06.2016, Mittwoch, 19:30 Uhr im Restaurant &#8218;Zum Chattenturm&#8216;, Wolfhagen"},"content":{"rendered":"<p>Die Radverkehrs-AG und die &#8222;Baumsch\u00fctzer&#8220; sprechen \u00fcber ihre Aktivit\u00e4ten, ebenso berichten wir, was unserer Besuch im Bauamt zum Thema &#8222;Energetische Qaurtierssanierung&#8220; ergeben hat.<br \/>\nDie gr\u00fcnen Stadtverordneten werden \u00fcber Themen der letzten Sitzungen informieren.<br \/>\nNachlese zur Europawahl bei den die Gr\u00fcnen so erstaunlich gut abgeschnitten hatten. Hessenweit:&nbsp; 23,4% (2014: 12,9%)<br \/>\nHier die amtl. Ergebnisse f\u00fcr WOH:<br \/>\nCDU 24,9% (2014: 29,3%). 1287 Stimmen<br \/>\nSPD&nbsp; 24,0% (2014: 35,1%). 1.239 Stimmen<br \/>\nGR\u00dcNE 22,0% (2014: 12,3%) 1.136 Stimmen<br \/>\nAFD 11,4% (2014: 9,7%) 588 Stimmen<br \/>\nFDP 5,2% (2014: 2,3%) 271 Stimmen<br \/>\nLINKE 3.5% (2014: 5,4%) 179 Stimmen<br \/>\nWir wollen uns ferner Zeit nehmen, um auch \u00fcber den -aller Voraussicht nach von einem T\u00e4ter aus der Neonaziszene Kassel- ver\u00fcbten Mord an dem Regierungspr\u00e4sidenten Dr. W. L\u00fcbcke aus WOH-Istha zu sprechen und welche politischen Konsequenzen wir alle daraus ziehen sollten.<br \/>\nBei der Mahnwache in WOH am 22.06. (siehe Bild d. HNA) und bei der nachfolgenden Demo in KS gegen rechte Gewalt waren auch GR\u00dcNE dabei.<br \/>\n<em>Achtung:<\/em><br \/>\nWer interessiert ist an der Radwegeplanung im Wolfhager Land trifft sich zuvor (ggfs.mit dem Fahrrad) um 17:00 Uhr am Bahnhof. Die Radverkehrs-AG will zur Oleibr\u00fccke fahren und dort vor Ort \u00fcber L\u00f6sungsm\u00f6glichkeiten f\u00fcr diesen Engpass (der ein Problem f\u00fcr den Radwegeausbau darstellt) beraten.<\/p>\n<p>Alle interessierten B\u00fcrger sind herzlich eingeladen!<\/p>\n<p>&nbsp;<\/p>\n","protected":false},"excerpt":{"rendered":"<p>Die Radverkehrs-AG und die &#8222;Baumsch\u00fctzer&#8220; sprechen \u00fcber ihre Aktivit\u00e4ten, ebenso berichten wir, was unserer Besuch im Bauamt zum Thema &#8222;Energetische Qaurtierssanierung&#8220; ergeben hat. Die gr\u00fcnen Stadtverordneten werden \u00fcber Themen der [&hellip;]<\/p>\n","protected":false},"author":-1,"featured_media":880,"comment_status":"closed","ping_status":"closed","sticky":false,"template":"","format":"standard","meta":{"ngg_post_thumbnail":0,"footnotes":""},"categories":[1],"tags":[],"class_list":["post-872","post","type-post","status-publish","format-standard","has-post-thumbnail","hentry","category-allgemein"],"_links":{"self":[{"href":"http:\/\/www.gruene-wolfhagen.de\/index.php?rest_route=\/wp\/v2\/posts\/872","targetHints":{"allow":["GET"]}}],"collection":[{"href":"http:\/\/www.gruene-wolfhagen.de\/index.php?rest_route=\/wp\/v2\/posts"}],"about":[{"href":"http:\/\/www.gruene-wolfhagen.de\/index.php?rest_route=\/wp\/v2\/types\/post"}],"author":[{"embeddable":true,"href":"http:\/\/www.gruene-wolfhagen.de\/index.php?rest_route=\/wp\/v2\/users\/3"}],"replies":[{"embeddable":true,"href":"http:\/\/www.gruene-wolfhagen.de\/index.php?rest_route=%2Fwp%2Fv2%2Fcomments&post=872"}],"version-history":[{"count":8,"href":"http:\/\/www.gruene-wolfhagen.de\/index.php?rest_route=\/wp\/v2\/posts\/872\/revisions"}],"predecessor-version":[{"id":881,"href":"http:\/\/www.gruene-wolfhagen.de\/index.php?rest_route=\/wp\/v2\/posts\/872\/revisions\/881"}],"wp:featuredmedia":[{"embeddable":true,"href":"http:\/\/www.gruene-wolfhagen.de\/index.php?rest_route=\/wp\/v2\/media\/880"}],"wp:attachment":[{"href":"http:\/\/www.gruene-wolfhagen.de\/index.php?rest_route=%2Fwp%2Fv2%2Fmedia&parent=872"}],"wp:term":[{"taxonomy":"category","embeddable":true,"href":"http:\/\/www.gruene-wolfhagen.de\/index.php?rest_route=%2Fwp%2Fv2%2Fcategories&post=872"},{"taxonomy":"post_tag","embeddable":true,"href":"http:\/\/www.gruene-wolfhagen.de\/index.php?rest_route=%2Fwp%2Fv2%2Ftags&post=872"}],"curies":[{"name":"wp","href":"https:\/\/api.w.org\/{rel}","templated":true}]}}