{"id":883,"date":"2019-09-10T13:47:00","date_gmt":"2019-09-10T11:47:00","guid":{"rendered":"http:\/\/www.gruene-wolfhagen.de\/?p=883"},"modified":"2019-09-10T13:47:00","modified_gmt":"2019-09-10T11:47:00","slug":"gruener-stammtisch-am-18-sept-2019-um-1930-im-restaurant-zum-chattenturm-wolfhagen","status":"publish","type":"post","link":"http:\/\/www.gruene-wolfhagen.de\/?p=883","title":{"rendered":"Gr\u00fcner Stammtisch am 18.Sept.2019 um 19:30 im Restaurant &#8222;Zum Chattenturm&#8220;, Wolfhagen"},"content":{"rendered":"<p>Die Ortsgruppe GR\u00dcNE Wolfhagen l\u00e4dt herzlich alle Mitglieder und interessierten B\u00fcrger zum politischen Gespr\u00e4ch ein. Wir wollen uns Gedanken machen, wie eine vern\u00fcnftige Klimapolitik sich auch in Ma\u00dfnahmen vor Ort abbilden l\u00e4sst, z.B. Solarpflicht f\u00fcr Neubauten, m\u00f6glichst wenig Fl\u00e4chenversiegelung (Stichwort: &#8222;Gartenverkiesung&#8220;) oder wie bestehende Hallendachfl\u00e4chen f\u00fcr Photovoltaik genutzt werden k\u00f6nnen. \/\/ Ein weiteres Thema wird die Optimierung des vorhandenen Radwegenetzes, wie Anbindung von Ortsteilen, guter Ausschilderung und Wegequalit\u00e4t sein.<br \/>\nAber auch die Frage, was erwarten die W\u00e4hler von den Gr\u00fcnen, nach 3 Wahlen mit guten Stimmenzuw\u00e4chsen ?&nbsp; Wenn wir Ressourcen- und Klimaschutz erreichen wollen, wird eine eine multiperspektivische Wirtschaftspolitik von N\u00f6ten sein, die die Natur nicht nur monetarisiert und als Produktivit\u00e4tsfaktor oder einen \u00d6koystemdienstleister in einer Firmenbilanz auff\u00fchrt, sondern die die Prosperit\u00e4t des Gemeinwesens und der Natur ber\u00fccksichtigt. Das macht ein deutliches Umdenken und eine ge\u00e4nderte Lebensweise erforderlich. Hier voran zu gehen, ist das der W\u00e4hlerauftrag an die GR\u00dcNEN?<br \/>\nWir freuen uns auf eine interessante Diskussion!<\/p>\n","protected":false},"excerpt":{"rendered":"<p>Die Ortsgruppe GR\u00dcNE Wolfhagen l\u00e4dt herzlich alle Mitglieder und interessierten B\u00fcrger zum politischen Gespr\u00e4ch ein. Wir wollen uns Gedanken machen, wie eine vern\u00fcnftige Klimapolitik sich auch in Ma\u00dfnahmen vor Ort [&hellip;]<\/p>\n","protected":false},"author":-1,"featured_media":0,"comment_status":"closed","ping_status":"closed","sticky":false,"template":"","format":"standard","meta":{"ngg_post_thumbnail":0,"footnotes":""},"categories":[1],"tags":[],"class_list":["post-883","post","type-post","status-publish","format-standard","hentry","category-allgemein"],"_links":{"self":[{"href":"http:\/\/www.gruene-wolfhagen.de\/index.php?rest_route=\/wp\/v2\/posts\/883","targetHints":{"allow":["GET"]}}],"collection":[{"href":"http:\/\/www.gruene-wolfhagen.de\/index.php?rest_route=\/wp\/v2\/posts"}],"about":[{"href":"http:\/\/www.gruene-wolfhagen.de\/index.php?rest_route=\/wp\/v2\/types\/post"}],"author":[{"embeddable":true,"href":"http:\/\/www.gruene-wolfhagen.de\/index.php?rest_route=\/wp\/v2\/users\/3"}],"replies":[{"embeddable":true,"href":"http:\/\/www.gruene-wolfhagen.de\/index.php?rest_route=%2Fwp%2Fv2%2Fcomments&post=883"}],"version-history":[{"count":6,"href":"http:\/\/www.gruene-wolfhagen.de\/index.php?rest_route=\/wp\/v2\/posts\/883\/revisions"}],"predecessor-version":[{"id":889,"href":"http:\/\/www.gruene-wolfhagen.de\/index.php?rest_route=\/wp\/v2\/posts\/883\/revisions\/889"}],"wp:attachment":[{"href":"http:\/\/www.gruene-wolfhagen.de\/index.php?rest_route=%2Fwp%2Fv2%2Fmedia&parent=883"}],"wp:term":[{"taxonomy":"category","embeddable":true,"href":"http:\/\/www.gruene-wolfhagen.de\/index.php?rest_route=%2Fwp%2Fv2%2Fcategories&post=883"},{"taxonomy":"post_tag","embeddable":true,"href":"http:\/\/www.gruene-wolfhagen.de\/index.php?rest_route=%2Fwp%2Fv2%2Ftags&post=883"}],"curies":[{"name":"wp","href":"https:\/\/api.w.org\/{rel}","templated":true}]}}