{"id":891,"date":"2019-11-10T18:02:35","date_gmt":"2019-11-10T17:02:35","guid":{"rendered":"http:\/\/www.gruene-wolfhagen.de\/?p=891"},"modified":"2019-11-10T18:02:35","modified_gmt":"2019-11-10T17:02:35","slug":"gruener-stammtisch-am-13-nov-2019-um-1930-uhr-im-restaurant-zum-chattenturm-in-wolfhagen","status":"publish","type":"post","link":"http:\/\/www.gruene-wolfhagen.de\/?p=891","title":{"rendered":"Gr\u00fcner Stammtisch am 13. Nov. 2019 um 19:30 Uhr im Restaurant &#8222;Zum Chattenturm&#8220; in Wolfhagen"},"content":{"rendered":"<p>Zun\u00e4chst mal eine <strong>politische Meinung<\/strong>:<br \/>\nHeute steht das Klimaschutzpaket im Bundesrat zur Abstimmung. Gestern sind die USA aus dem Klimaschutzabkommen ausgetreten.<br \/>\nDer gr\u00fcne baden-w\u00fcrttembergische Ministerpr\u00e4sident Kretschmann: <em>&#8222;Wir sind schon eher f\u00fcr ordnungspolitische Vorgaben, wenn die Klimaziele mit Anreizen und Freiwilligkeit zu erreichen w\u00e4ren, br\u00e4uchte man kein Gesetz. Der CO\u00b2 Preis ist viel zu niedrig.&#8220;<\/em><br \/>\nDer s\u00e4chsische Ministerpr\u00e4sident Kretschmer: <em>&#8222;Ein Klimaschutzgesetz macht den Menschen Angst, das ist nicht gut, die CDU mu\u00df aufh\u00f6ren , den GR\u00dcNEN hinterherzulaufen.&#8220; <\/em>Ja, geht&#8217;s noch? Nicht das Gesetz macht Angst, sondern das, was an Klima- und Naturver\u00e4nderung auf uns zukommt!<br \/>\nDie klimapolitische Sprecherin der Gr\u00fcnen im Bundestag, Lisa Badum: <em>&#8222;Wenn wir in Zukunft auf unseren Feldern nicht mehr genug Nahrungsmittel anbauen k\u00f6nnen, wissen wir ja, bei welcher Regierung wir uns bedanken k\u00f6nnen.&#8220;<\/em><br \/>\nDas ewige Mantra steten Wachstums und eines freien Marktes t\u00f6nt noch laut (z.B. durch FDP Lindner), doch es mehren sich in der Welt die Zeichen und bei den B\u00fcrgen die Zweifel, ob damit eine sichere Zukunft m\u00f6glich sein kann. Auff\u00e4llig auch, dass Trump, Lindner, Scheurer und Co. stets konkrete L\u00f6sungsvorschl\u00e4ge schuldig bleiben. Stattdessen: Mehr von dem, was nicht funktioniert.<\/p>\n<p>Menschen sp\u00fcren die Klimakrise, ahnen, das es so nicht weitergehen kann. Sie sind in der Mehrheit auch bereit, f\u00fcr eine sinnvolle, tragf\u00e4hige Zukunft Lasten und Ver\u00e4nderungen zu akzeptieren.Die Bundesregierung beantwortet mit ihrer Politik, sich vorw\u00e4rts und r\u00fcckw\u00e4rts gleichzeitig zu bewegen, dieses Bed\u00fcrfnis nicht. Auch die Industrie braucht Entwicklungsvorgaben. Man hat den Eindruck, dass sogar VW (!) die Kanzlerin vor sich her treibt! Deutschland hat bereits durch Schaukelpolitik und alte Lobbyh\u00f6rigkeit (SPD Gabriel!) seine technologisch f\u00fchrende Position bei den alternativen Energien eingeb\u00fc\u00dft. Die Verlust von etwa 20.000 qualifizierten Arbeitspl\u00e4tzen wurde dabei Kauf genommen &#8211; wenn aber im Braunkohlebergbau bei 5.000 Arbeitern der notwendige Strukturwandel anklopft, dann steht die BRD am Abgrund!<\/p>\n<p>Beim <strong>Stammtisch<\/strong> wollen wir reden \u00fcber:<br \/>\nDas drohende Schlie\u00dfung der Wolfhager Kreisklinik. Ein sehr wichtiges Thema an diesem Abend. Was k\u00f6nnen wir tun?<br \/>\nAm Folgetag ist um 19:00 Uhr der HNA B\u00fcrgertreff in der Stadthalle, da sollten wir uns ebenfalls zu Wort melden!<br \/>\nAuf dem Podium werden Landrat U. Schmidt, Dr. M. Hughes (Arzt in WOH), BM R. Schaake, Prof. Dr. R. Gradaus (Arzt bei GNH) und Dr. M. Knapp (Chef der GNH Holding) sein. Was sind die Forderungen der Wolfhager Gr\u00fcnen zur Qualit\u00e4t der Gesundheitsversorgung auf dem Land?<\/p>\n<p>Dann geht es um die Zukunft unserer gr\u00fcnen Kommunalfraktion!<br \/>\nWie gestalten die Gr\u00fcnen weiter die Wolfhager Kommunalpolitik mit? Was konnte bislang erreicht werden?<br \/>\nPerspektivisch werden sich personelle Wechsel ergeben k\u00f6nnen, auf die wir vorbereitet sein sollten.<\/p>\n<p>Und nat\u00fcrlich: <strong>Freie Aussprache<\/strong>. Diskussion. Themen, die spontan eingebracht werden. Z.B.:: Was hat sich bei dem Radwegethema entwickelt, Stichwort: Oleim\u00fchle?<\/p>\n<p>Alle Interessierten sind herzlich eingeladen!<\/p>\n","protected":false},"excerpt":{"rendered":"<p>Zun\u00e4chst mal eine politische Meinung: Heute steht das Klimaschutzpaket im Bundesrat zur Abstimmung. Gestern sind die USA aus dem Klimaschutzabkommen ausgetreten. Der gr\u00fcne baden-w\u00fcrttembergische Ministerpr\u00e4sident Kretschmann: &#8222;Wir sind schon eher [&hellip;]<\/p>\n","protected":false},"author":-1,"featured_media":898,"comment_status":"closed","ping_status":"closed","sticky":false,"template":"","format":"standard","meta":{"ngg_post_thumbnail":0,"footnotes":""},"categories":[1],"tags":[],"class_list":["post-891","post","type-post","status-publish","format-standard","has-post-thumbnail","hentry","category-allgemein"],"_links":{"self":[{"href":"http:\/\/www.gruene-wolfhagen.de\/index.php?rest_route=\/wp\/v2\/posts\/891","targetHints":{"allow":["GET"]}}],"collection":[{"href":"http:\/\/www.gruene-wolfhagen.de\/index.php?rest_route=\/wp\/v2\/posts"}],"about":[{"href":"http:\/\/www.gruene-wolfhagen.de\/index.php?rest_route=\/wp\/v2\/types\/post"}],"author":[{"embeddable":true,"href":"http:\/\/www.gruene-wolfhagen.de\/index.php?rest_route=\/wp\/v2\/users\/3"}],"replies":[{"embeddable":true,"href":"http:\/\/www.gruene-wolfhagen.de\/index.php?rest_route=%2Fwp%2Fv2%2Fcomments&post=891"}],"version-history":[{"count":4,"href":"http:\/\/www.gruene-wolfhagen.de\/index.php?rest_route=\/wp\/v2\/posts\/891\/revisions"}],"predecessor-version":[{"id":903,"href":"http:\/\/www.gruene-wolfhagen.de\/index.php?rest_route=\/wp\/v2\/posts\/891\/revisions\/903"}],"wp:featuredmedia":[{"embeddable":true,"href":"http:\/\/www.gruene-wolfhagen.de\/index.php?rest_route=\/wp\/v2\/media\/898"}],"wp:attachment":[{"href":"http:\/\/www.gruene-wolfhagen.de\/index.php?rest_route=%2Fwp%2Fv2%2Fmedia&parent=891"}],"wp:term":[{"taxonomy":"category","embeddable":true,"href":"http:\/\/www.gruene-wolfhagen.de\/index.php?rest_route=%2Fwp%2Fv2%2Fcategories&post=891"},{"taxonomy":"post_tag","embeddable":true,"href":"http:\/\/www.gruene-wolfhagen.de\/index.php?rest_route=%2Fwp%2Fv2%2Ftags&post=891"}],"curies":[{"name":"wp","href":"https:\/\/api.w.org\/{rel}","templated":true}]}}