{"id":917,"date":"2019-11-15T17:04:10","date_gmt":"2019-11-15T16:04:10","guid":{"rendered":"http:\/\/www.gruene-wolfhagen.de\/?p=917"},"modified":"2019-11-15T17:04:10","modified_gmt":"2019-11-15T16:04:10","slug":"presseeklaerung-regionale-gesundheitsversorgung-ist-ein-zentrales-buergerinteresse-und-geht-vor-oekonomischem-interesse","status":"publish","type":"post","link":"http:\/\/www.gruene-wolfhagen.de\/?p=917","title":{"rendered":"Presseekl\u00e4rung: Regionale Gesundheitsversorgung ist ein zentrales B\u00fcrgerinteresse und geht vor \u00f6konomischem Interesse!"},"content":{"rendered":"<p>&nbsp;<\/p>\n<p>Die Gesundheitsversorgung im l\u00e4ndlichen Raum muss sichergestellt sein. Daf\u00fcr ist die Klinik Wolfhagen ein Garant. Diese Weitsicht hatte die Politik bei der Errichtung 1962. Seitdem sind die Gr\u00fcnde f\u00fcr ihre Existenz eher mehr als weniger geworden! Denn die Klinik Wolfhagen bildet mit ihrem station\u00e4ren Angebot und&nbsp; Belegbetten den Hintergrund der niedergelassenen \u00c4rzte, sichert und erweitert so auch die ambulante medizinische Versorgung und die Attraktivit\u00e4t Wolfhagens in jeder Hinsicht. Es gibt einen l\u00e4ndlichen Einzugsbereich von etwa 40.000 Menschen, dazu kommen zahlreiche Alten- und Pflegeheime, die Psychiatrie in Bad Emstal und die Bedeutung als Notarztstandort und als station\u00e4res Erstversorgungszentrum. Deshalb ist die Klinik Wolfhagen unverzichtbar und notwendig f\u00fcr den Erhalt der medizinischen Infrastruktur des l\u00e4ndlichen Raumes.<\/p>\n<p>Die Klinik Wolfhagen erwirtschaftet seit einigen Jahren ein kalkulierbares Defizit, welches mal h\u00f6her oder niedriger ausf\u00e4llt, aber das im Vergleich zum Gesamtdefizit der Holding nur einen sehr geringen Anteil ausmacht. (nur 5% &#8211; wenn unbest\u00e4tigte Zahlen stimmen) D.h.: Mit einer Schlie\u00dfung oder einem Weiterbetrieb wird die wirtschaftliche Lage der GNH weder signifikant verbessert noch verschlechtert! Und die von der GNH genannten, evtl. zuk\u00fcnftigen Investitionskosten wirken eher gegriffen, denn best\u00e4tigt.&nbsp; Es liegen wohl andere Gr\u00fcnde vor, die Schlie\u00dfung anzustreben. Die Klinik Wolfhagen scheint dabei das Bauernopfer zu sein.<\/p>\n<p>Station\u00e4re Krankenhausbehandlung als Teil der allgemeinen Daseinsvorsorge kann und darf kein Objekt betriebswirtschaftlicher Jonglage und Rendite werden. Ein wirtschaftlicher Betrieb&nbsp; (\u201eschwarze Null\u201c) ist anzustreben,&nbsp; kann aber nicht immer gew\u00e4hrleistet werden, da&nbsp; eine Grundversorgungsklinik auch freie Aufnahmekapazit\u00e4ten vorhalten muss, also nicht mit 98% Belegungsquote betrieben werden kann. Solche Risikovorsorge zu finanzieren stellt auch eine Aufgabe des Landkreises dar. Behandlungszentren der Maximalversorgung, wie das Klinikum Kassel,&nbsp; sind erforderlich und w\u00fcnschenswert. Fehlbelegungen und Belegungsnotst\u00e4nde sind aber die Folge, werden regional vorhandene Krankenh\u00e4user der Grund\u2013 und Regelversorgung geschlossen. Und nat\u00fcrlich kommt es so in Folge zu einer generellen Kostensteigerung im Gesundheitsbereich.<\/p>\n<p>DIE GR\u00dcNEN WOLFHAGEN und im LANDKREIS KASSEL&nbsp; fordern deshalb die Gesundheit Nordhessen Holding auf, die Klinik Wolfhagen weiterzuf\u00fchren. Statt den Klinikstandort&nbsp; aus fragw\u00fcrdigen wirtschaftlichen Gr\u00fcnden heraus \u201etotzureden\u201c, gilt es diesen zu entwickeln!&nbsp; Die Klinik Wolfhagen ist ein funktionsf\u00e4higes, modernes Krankenhaus, das es aus gutem Grund zu erhalten gilt.<br \/>\nEine Spezialisierung und Straffung des Behandlungsangebotes, als tragf\u00e4higes Konzept f\u00fcr den Standort ist zu entwickeln, z.B. mit station\u00e4ren Betten f\u00fcr Innere Medizin \/ Chirurgie \/ Geriatrie und Ausweitung des Angebotes von integrierten Praxen und vermehrter Belegbettenzahl. Das regionale \u00c4rztenetz und der dort bekannte Bedarf m\u00fcssen bei der Klinikausrichtung ber\u00fccksichtigt werden.<\/p>\n<p>DIE GR\u00dcNEN WOLFHAGEN und im LANDKREIS KASSEL fordern den Landkreis Kassel auf, in diesem Sinne mit der GNH zu verhandeln und alternativ ein eigenes Konzept zu entwickeln und vorzustellen, in welchem eine R\u00fcck\u00fcbernahme der Klinik Wolfhagen und die Weiterf\u00fchrung in Eigenregie oder in Kooperation mit einem alternativem Krankenhausbetreiber m\u00f6glich wird.<\/p>\n<p>Kassel, den 11. November 2019<\/p>\n","protected":false},"excerpt":{"rendered":"<p>&nbsp; Die Gesundheitsversorgung im l\u00e4ndlichen Raum muss sichergestellt sein. Daf\u00fcr ist die Klinik Wolfhagen ein Garant. Diese Weitsicht hatte die Politik bei der Errichtung 1962. Seitdem sind die Gr\u00fcnde f\u00fcr [&hellip;]<\/p>\n","protected":false},"author":-1,"featured_media":0,"comment_status":"closed","ping_status":"closed","sticky":false,"template":"","format":"standard","meta":{"ngg_post_thumbnail":0,"footnotes":""},"categories":[1],"tags":[],"class_list":["post-917","post","type-post","status-publish","format-standard","hentry","category-allgemein"],"_links":{"self":[{"href":"http:\/\/www.gruene-wolfhagen.de\/index.php?rest_route=\/wp\/v2\/posts\/917","targetHints":{"allow":["GET"]}}],"collection":[{"href":"http:\/\/www.gruene-wolfhagen.de\/index.php?rest_route=\/wp\/v2\/posts"}],"about":[{"href":"http:\/\/www.gruene-wolfhagen.de\/index.php?rest_route=\/wp\/v2\/types\/post"}],"author":[{"embeddable":true,"href":"http:\/\/www.gruene-wolfhagen.de\/index.php?rest_route=\/wp\/v2\/users\/3"}],"replies":[{"embeddable":true,"href":"http:\/\/www.gruene-wolfhagen.de\/index.php?rest_route=%2Fwp%2Fv2%2Fcomments&post=917"}],"version-history":[{"count":2,"href":"http:\/\/www.gruene-wolfhagen.de\/index.php?rest_route=\/wp\/v2\/posts\/917\/revisions"}],"predecessor-version":[{"id":919,"href":"http:\/\/www.gruene-wolfhagen.de\/index.php?rest_route=\/wp\/v2\/posts\/917\/revisions\/919"}],"wp:attachment":[{"href":"http:\/\/www.gruene-wolfhagen.de\/index.php?rest_route=%2Fwp%2Fv2%2Fmedia&parent=917"}],"wp:term":[{"taxonomy":"category","embeddable":true,"href":"http:\/\/www.gruene-wolfhagen.de\/index.php?rest_route=%2Fwp%2Fv2%2Fcategories&post=917"},{"taxonomy":"post_tag","embeddable":true,"href":"http:\/\/www.gruene-wolfhagen.de\/index.php?rest_route=%2Fwp%2Fv2%2Ftags&post=917"}],"curies":[{"name":"wp","href":"https:\/\/api.w.org\/{rel}","templated":true}]}}