{"id":922,"date":"2020-01-19T17:24:47","date_gmt":"2020-01-19T16:24:47","guid":{"rendered":"http:\/\/www.gruene-wolfhagen.de\/?p=922"},"modified":"2020-01-19T17:24:47","modified_gmt":"2020-01-19T16:24:47","slug":"klinik-wolfhagen-rettet-stationaere-versorgung-durch-regionale-krankenhaeuser-veranstaltung-jetzt-mal-klartext-des-hr-fernsehens-am-24-01-2020-um-1600-uhr-im-kulturladen-wolfhagen-triangelst","status":"publish","type":"post","link":"http:\/\/www.gruene-wolfhagen.de\/?p=922","title":{"rendered":"Klinik Wolfhagen &#8211; rettet station\u00e4re Versorgung durch regionale Krankenh\u00e4user! Veranstaltung &#8222;Jetzt mal Klartext!&#8220; des HR Fernsehens am 24.01.2020 um 16:00 Uhr im Kulturladen Wolfhagen, Triangelstr.19"},"content":{"rendered":"<p>Dies ist eine Einladung! Der HR schreibt dazu:<br \/>\nSeit Monaten k\u00e4mpfen die Menschen in Wolfhagen f\u00fcr ihre Kreisklinik, denn sie soll geschlossen werden. Die Begr\u00fcndung: nicht rentabel \u2013 nicht zukunftsf\u00e4hig. Vor knapp sechs Jahren mussten die Wolfhager bereits den Verlust ihrer Geburtsstation hinnehmen. Jetzt soll der Rest der Klinik folgen. F\u00fcr die Wolfhager w\u00e4re die Schlie\u00dfung eine Katastrophe \u2013 denn im Notfall m\u00fcssten sie weitere Wege in Kauf nehmen.\u00dcber 12.000 Unterschriften haben die B\u00fcrger bereits f\u00fcr den Erhalt ihrer Klinik gesammelt. Die Politik ist sich uneins. Der B\u00fcrgermeister der Stadt Kassel spricht sich f\u00fcr die Schlie\u00dfung aus. Der Landkreis will die Klinik erhalten. Was k\u00f6nnte die L\u00f6sung sein? Das wollen wir herausfinden. Daniel Mauke und Julia Tzsch\u00e4tzsch werden im nordhessischen Wolfhagen ihr mobiles Fernsehstudio aufbauen und alle an einen Tisch bringen: B\u00fcrger, Politiker und Experten. Und das wichtigste: Es wird Klartext geredet.<\/p>\n<p>Die GR\u00dcNEN meinen: Es geht nicht um Hightechmedizin, sondern um eine vern\u00fcnftige station\u00e4re Grund- und Regelversorgung in der Region, die auch \u00fcber den Tag hinaus denkt und nicht von kurzfristigen betriebswirtschaftlichen Trends und Interessen gelenkt wird. Der Schlie\u00dfungstermin der GNH 30.6.2020 ohne irgendeine geplante Nachfolgeeinrichtung, geschweige denn gebaut ist gesundheitspolitisch fahrl\u00e4ssig! Ein, von interessierter Seite als Idee vorgeschlagenes &#8222;integriertes Gesundheitszentrum&#8220; (= \u00c4rztehaus mit kleinem OP f\u00fcr ambulante OP&#8217;s) l\u00f6st das Problem von Notarztstandort und station\u00e4rer Grundversorgung nicht.<\/p>\n<p>Die GR\u00dcNEN Wolfhagen diskutierten mit ihrer Kreistagsfraktion zu einem Neubau (180 Betten, mit Geburtshilfe!) auf dem Gel\u00e4nde der ehemaligen Pommernkaserne als L\u00f6sungsm\u00f6glichkeit und zwar als ein (bundesweites?) Modell f\u00fcr ein \u00f6kologisch gebautes und wirtschaftendes Krankenhaus.<br \/>\nGel\u00e4nde, Versorgung, Verkehrsanbindung, gr\u00fcne Energieversorgung durch die Stadtwerke, Zusch\u00fcsse f\u00fcr die Konversion des ehemaligen BW-Standortes, usw..&nbsp; Nach Fertigstellung des Neubaues st\u00fcnde die Schlie\u00dfung der alten Kliniken Wolfhagen und Arolsen, beide haben Investitionsbedarf. Schlie\u00dft nur Klinik Wolfhagen mmuss Arolsen deutlich vergr\u00f6\u00dfert werden, was a) Geld kostet und b) Bauen im Bestand unter Betrieb ist belastend und aufw\u00e4ndig und c) in der Innenstadtlage Arolsen nicht einfach. Ferner:&nbsp; Eine Rekommunalisierung der Krankenhaustr\u00e4gerschaft darf kein Tabu sein. Eine Machbarkeitsstudie durch den Landkreis zu beauftragen w\u00e4re sinnvoll.<\/p>\n","protected":false},"excerpt":{"rendered":"<p>Dies ist eine Einladung! Der HR schreibt dazu: Seit Monaten k\u00e4mpfen die Menschen in Wolfhagen f\u00fcr ihre Kreisklinik, denn sie soll geschlossen werden. Die Begr\u00fcndung: nicht rentabel \u2013 nicht zukunftsf\u00e4hig. [&hellip;]<\/p>\n","protected":false},"author":-1,"featured_media":0,"comment_status":"closed","ping_status":"closed","sticky":false,"template":"","format":"standard","meta":{"ngg_post_thumbnail":0,"footnotes":""},"categories":[1],"tags":[],"class_list":["post-922","post","type-post","status-publish","format-standard","hentry","category-allgemein"],"_links":{"self":[{"href":"http:\/\/www.gruene-wolfhagen.de\/index.php?rest_route=\/wp\/v2\/posts\/922","targetHints":{"allow":["GET"]}}],"collection":[{"href":"http:\/\/www.gruene-wolfhagen.de\/index.php?rest_route=\/wp\/v2\/posts"}],"about":[{"href":"http:\/\/www.gruene-wolfhagen.de\/index.php?rest_route=\/wp\/v2\/types\/post"}],"author":[{"embeddable":true,"href":"http:\/\/www.gruene-wolfhagen.de\/index.php?rest_route=\/wp\/v2\/users\/3"}],"replies":[{"embeddable":true,"href":"http:\/\/www.gruene-wolfhagen.de\/index.php?rest_route=%2Fwp%2Fv2%2Fcomments&post=922"}],"version-history":[{"count":5,"href":"http:\/\/www.gruene-wolfhagen.de\/index.php?rest_route=\/wp\/v2\/posts\/922\/revisions"}],"predecessor-version":[{"id":927,"href":"http:\/\/www.gruene-wolfhagen.de\/index.php?rest_route=\/wp\/v2\/posts\/922\/revisions\/927"}],"wp:attachment":[{"href":"http:\/\/www.gruene-wolfhagen.de\/index.php?rest_route=%2Fwp%2Fv2%2Fmedia&parent=922"}],"wp:term":[{"taxonomy":"category","embeddable":true,"href":"http:\/\/www.gruene-wolfhagen.de\/index.php?rest_route=%2Fwp%2Fv2%2Fcategories&post=922"},{"taxonomy":"post_tag","embeddable":true,"href":"http:\/\/www.gruene-wolfhagen.de\/index.php?rest_route=%2Fwp%2Fv2%2Ftags&post=922"}],"curies":[{"name":"wp","href":"https:\/\/api.w.org\/{rel}","templated":true}]}}