{"id":929,"date":"2020-02-09T23:03:11","date_gmt":"2020-02-09T22:03:11","guid":{"rendered":"http:\/\/www.gruene-wolfhagen.de\/?p=929"},"modified":"2020-02-09T23:03:11","modified_gmt":"2020-02-09T22:03:11","slug":"einladung-kreismitgliederversammlung-am-10-febr-2020-im-restaurant-zum-schiffchen-um-1930-uhr","status":"publish","type":"post","link":"http:\/\/www.gruene-wolfhagen.de\/?p=929","title":{"rendered":"Einladung: Kreismitgliederversammlung am 10. Febr. 2020 im Restaurant &#8222;Zum Schiffchen&#8220; um 19:30 Uhr"},"content":{"rendered":"<p><span style=\"color: #0000ff;\"><strong>Die Zukunft des Wolfhager Krankenhauses treibt uns um !<\/strong><br \/>\nEin extrem wichtiges Thema der Daseinsvorsorge &#8211; &#8211; &#8211;&nbsp; Hausarzt\/Kita\/Krankenhaus\/Schule sind zentral, oder?<\/span><\/p>\n<p>Leider ist die rechtliche Lage so, dass der Krankenhausbetreiber GNH eigenst\u00e4ndig entscheiden kann, ob er ein Krankenhaus schlie\u00dft oder nicht.<br \/>\nDabei sind betriebswirtschaftliche \u00dcberlegungen entscheidend (Profitabel?, Passt dieses Haus in die &#8222;Firmenideologie&#8220;?, usw.)<br \/>\nDie Versorgungsverpflichtung aber, also f\u00fcr die Bev\u00f6lkerung eine hinreichende station\u00e4re Versorung sicherzustellen, hat der Landkreiskreis Kassel.<br \/>\nDas Land Hessen kann auf verschiedene Weise f\u00f6rdern und unterst\u00fctzen, aber versagen kann es eine Klinikschlie\u00dfung nicht.<br \/>\n<span style=\"color: #0000ff;\">Na prima<\/span>, eine Regelung, bei der \u00f6ffentliche Hand zahlen darf, aber die Entscheidungsgewalt liegt bei den privaten Investoren.<br \/>\nDas nannte man dann &#8222;Private-Public-Partnership&#8220;, woraus sich die oft erw\u00e4hnten zwangsl\u00e4ufig win-win-Situationen ergeben sollten&#8230; ???.<br \/>\nLangsam d\u00e4mmert es auch manch einem politisch Verantwortlichen, dass damit i.d.R. die Politik &#8222;eingeseift&#8220; und die Interessen der B\u00fcrger \u00fcber den Tisch gezogen wurden.<\/p>\n<p>Zur\u00fcck zur Situation vor Ort.<br \/>\nDr. Matthias Hughes hat einen lesenswertes Interview in der HNA gegeben.<br \/>\nSiehe:&nbsp;<span style=\"color: #ffcc00;\"><span style=\"color: #ff9900;\">https:\/\/www.hna.de\/lokales\/wolfhagen\/wolfhagen-ort54301\/notarzt-matthias-hughes-zuletzt-war-wolfhager-klinik-rappelvoll-13525455.html<\/span> <\/span><\/p>\n<p>Z.Zt. ist die Umsetzung des Schlie\u00dfungsbeschlu\u00df der GNH (zum 30.06.2020) durch einen vom Landkreis KS&nbsp; aus betriebsrechtlichen Gr\u00fcnden angestrebten Gerichtsbescheid vor\u00fcbergehend blockiert. Der Kreistag wird zu einer Entscheidung kommen m\u00fcssen.<br \/>\nDie Kreistagsfraktion der Gr\u00fcnen wird eine eigenst\u00e4ndige und zukunftsf\u00e4hige Position zur Frage, wie soll die station\u00e4re Patientenversorgung im Wolfhagen Land gestaltet werden, erarbeiten und im Kreistag vertreten. Deshalb treffen sich die Gr\u00fcnen im Landkreis Kassel zu einer<br \/>\n<span style=\"color: #0000ff;\"><b>Kreismitgliederversammlung am 10. 02.2020 um 19:30 Uhr im Restaurant &#8222;Zum Schiffchen&#8220;&nbsp; in Wolfhagen.<br \/>\n<\/b><i>Als Referent und Gespr\u00e4chspartner wird Marcus Bocklet, Mitglied des Landtages und Sprecher der gr\u00fcnen Landtagsfraktion f\u00fcr Sozial- und Gesundheitspolitik zur Verf\u00fcgung stehen.<\/i><\/span><b><span style=\"font-size: xx-small;\"><br \/>\n<\/span><\/b>! Es w\u00e4re klasse, wenn alle Wolfhager Gr\u00fcnen und viele Interessierte an dieser Meinungsbildung mitwirken w\u00fcrden <b>!<span style=\"font-size: xx-small;\"><br \/>\n<\/span><\/p>\n<p><\/b><\/p>\n","protected":false},"excerpt":{"rendered":"<p>Die Zukunft des Wolfhager Krankenhauses treibt uns um ! Ein extrem wichtiges Thema der Daseinsvorsorge &#8211; &#8211; &#8211;&nbsp; Hausarzt\/Kita\/Krankenhaus\/Schule sind zentral, oder? Leider ist die rechtliche Lage so, dass der [&hellip;]<\/p>\n","protected":false},"author":-1,"featured_media":0,"comment_status":"closed","ping_status":"closed","sticky":false,"template":"","format":"standard","meta":{"ngg_post_thumbnail":0,"footnotes":""},"categories":[1],"tags":[],"class_list":["post-929","post","type-post","status-publish","format-standard","hentry","category-allgemein"],"_links":{"self":[{"href":"http:\/\/www.gruene-wolfhagen.de\/index.php?rest_route=\/wp\/v2\/posts\/929","targetHints":{"allow":["GET"]}}],"collection":[{"href":"http:\/\/www.gruene-wolfhagen.de\/index.php?rest_route=\/wp\/v2\/posts"}],"about":[{"href":"http:\/\/www.gruene-wolfhagen.de\/index.php?rest_route=\/wp\/v2\/types\/post"}],"author":[{"embeddable":true,"href":"http:\/\/www.gruene-wolfhagen.de\/index.php?rest_route=\/wp\/v2\/users\/3"}],"replies":[{"embeddable":true,"href":"http:\/\/www.gruene-wolfhagen.de\/index.php?rest_route=%2Fwp%2Fv2%2Fcomments&post=929"}],"version-history":[{"count":7,"href":"http:\/\/www.gruene-wolfhagen.de\/index.php?rest_route=\/wp\/v2\/posts\/929\/revisions"}],"predecessor-version":[{"id":936,"href":"http:\/\/www.gruene-wolfhagen.de\/index.php?rest_route=\/wp\/v2\/posts\/929\/revisions\/936"}],"wp:attachment":[{"href":"http:\/\/www.gruene-wolfhagen.de\/index.php?rest_route=%2Fwp%2Fv2%2Fmedia&parent=929"}],"wp:term":[{"taxonomy":"category","embeddable":true,"href":"http:\/\/www.gruene-wolfhagen.de\/index.php?rest_route=%2Fwp%2Fv2%2Fcategories&post=929"},{"taxonomy":"post_tag","embeddable":true,"href":"http:\/\/www.gruene-wolfhagen.de\/index.php?rest_route=%2Fwp%2Fv2%2Ftags&post=929"}],"curies":[{"name":"wp","href":"https:\/\/api.w.org\/{rel}","templated":true}]}}