{"id":937,"date":"2020-02-10T13:30:06","date_gmt":"2020-02-10T12:30:06","guid":{"rendered":"http:\/\/www.gruene-wolfhagen.de\/?p=937"},"modified":"2020-02-10T13:30:06","modified_gmt":"2020-02-10T12:30:06","slug":"einladung-zum-gruenen-stammtisch-am-mittwoch-den-12-febr-2020-um-1930-uhr-im-restaurant-zum-chattenturm","status":"publish","type":"post","link":"http:\/\/www.gruene-wolfhagen.de\/?p=937","title":{"rendered":"Einladung zum Gr\u00fcnen Stammtisch am Mittwoch, den 12. Febr. 2020 um 19:30 Uhr im Restaurant &#8222;Zum Chattenturm&#8220;"},"content":{"rendered":"<p><img loading=\"lazy\" decoding=\"async\" class=\"wp-image-898 alignleft\" src=\"http:\/\/www.gruene-wolfhagen.de\/wp-content\/uploads\/2019\/11\/Gr\u00fcner-Stammtisch-Bild.jpg\" alt=\"\" width=\"223\" height=\"155\" srcset=\"http:\/\/www.gruene-wolfhagen.de\/wp-content\/uploads\/2019\/11\/Gr\u00fcner-Stammtisch-Bild.jpg 400w, http:\/\/www.gruene-wolfhagen.de\/wp-content\/uploads\/2019\/11\/Gr\u00fcner-Stammtisch-Bild-300x209.jpg 300w\" sizes=\"auto, (max-width: 223px) 100vw, 223px\" \/><\/p>\n<p>Heute laden wir herzlich zum lange bereits vorgeplanten, viertelj\u00e4hrlichem gr\u00fcnen Stammtisch-Termin unseres Ortsverbandes ein:<br \/>\nAls Themen -in freier Aussprache- sind vorgeschlagen:<br \/>\na) Radwegesituation WOH &#8211; hier gibt es neue Berichte.<br \/>\nb) Krankenhaus WOH &#8211; Nachlese zur Kreismitgliederversammlung<br \/>\nc) Stadtverordnetenfraktion &#8211; Aktuelle Berichte zu Antr\u00e4gen und Sitzungen \/ Wie gestaltet sich die Zukunft der Fraktion ?<br \/>\nd) Verschiedenes, z.B. zu den Mahnwachen, die seit dem 22.06.2020 (!) auf dem Markt WOH jd. 3. Samstag stattfinden.<img loading=\"lazy\" decoding=\"async\" class=\"wp-image-947 alignright\" src=\"http:\/\/www.gruene-wolfhagen.de\/wp-content\/uploads\/2020\/02\/Gr\u00fcn-weltoffen-\u00f6kologisch-gerecht.jpg\" alt=\"\" width=\"236\" height=\"72\" srcset=\"http:\/\/www.gruene-wolfhagen.de\/wp-content\/uploads\/2020\/02\/Gr\u00fcn-weltoffen-\u00f6kologisch-gerecht.jpg 406w, http:\/\/www.gruene-wolfhagen.de\/wp-content\/uploads\/2020\/02\/Gr\u00fcn-weltoffen-\u00f6kologisch-gerecht-300x92.jpg 300w\" sizes=\"auto, (max-width: 236px) 100vw, 236px\" \/><\/p>\n<p>Wir freuen uns darauf Mitglieder, Freunde und \u00f6kologisch Interessierte in der Gespr\u00e4chsrunde begr\u00fc\u00dfen zu k\u00f6nnen!<\/p>\n<p>&nbsp;<\/p>\n","protected":false},"excerpt":{"rendered":"<p>Heute laden wir herzlich zum lange bereits vorgeplanten, viertelj\u00e4hrlichem gr\u00fcnen Stammtisch-Termin unseres Ortsverbandes ein: Als Themen -in freier Aussprache- sind vorgeschlagen: a) Radwegesituation WOH &#8211; hier gibt es neue Berichte. [&hellip;]<\/p>\n","protected":false},"author":-1,"featured_media":0,"comment_status":"closed","ping_status":"closed","sticky":false,"template":"","format":"standard","meta":{"ngg_post_thumbnail":0,"footnotes":""},"categories":[1],"tags":[],"class_list":["post-937","post","type-post","status-publish","format-standard","hentry","category-allgemein"],"_links":{"self":[{"href":"http:\/\/www.gruene-wolfhagen.de\/index.php?rest_route=\/wp\/v2\/posts\/937","targetHints":{"allow":["GET"]}}],"collection":[{"href":"http:\/\/www.gruene-wolfhagen.de\/index.php?rest_route=\/wp\/v2\/posts"}],"about":[{"href":"http:\/\/www.gruene-wolfhagen.de\/index.php?rest_route=\/wp\/v2\/types\/post"}],"author":[{"embeddable":true,"href":"http:\/\/www.gruene-wolfhagen.de\/index.php?rest_route=\/wp\/v2\/users\/3"}],"replies":[{"embeddable":true,"href":"http:\/\/www.gruene-wolfhagen.de\/index.php?rest_route=%2Fwp%2Fv2%2Fcomments&post=937"}],"version-history":[{"count":11,"href":"http:\/\/www.gruene-wolfhagen.de\/index.php?rest_route=\/wp\/v2\/posts\/937\/revisions"}],"predecessor-version":[{"id":953,"href":"http:\/\/www.gruene-wolfhagen.de\/index.php?rest_route=\/wp\/v2\/posts\/937\/revisions\/953"}],"wp:attachment":[{"href":"http:\/\/www.gruene-wolfhagen.de\/index.php?rest_route=%2Fwp%2Fv2%2Fmedia&parent=937"}],"wp:term":[{"taxonomy":"category","embeddable":true,"href":"http:\/\/www.gruene-wolfhagen.de\/index.php?rest_route=%2Fwp%2Fv2%2Fcategories&post=937"},{"taxonomy":"post_tag","embeddable":true,"href":"http:\/\/www.gruene-wolfhagen.de\/index.php?rest_route=%2Fwp%2Fv2%2Ftags&post=937"}],"curies":[{"name":"wp","href":"https:\/\/api.w.org\/{rel}","templated":true}]}}