{"id":958,"date":"2020-02-25T11:43:30","date_gmt":"2020-02-25T10:43:30","guid":{"rendered":"http:\/\/www.gruene-wolfhagen.de\/?p=958"},"modified":"2020-02-25T11:43:30","modified_gmt":"2020-02-25T10:43:30","slug":"pressemitteilung-die-handstreichartige-schliessung-der-klinik-wolfhagen-durch-die-gnh-ist-skandaloes","status":"publish","type":"post","link":"http:\/\/www.gruene-wolfhagen.de\/?p=958","title":{"rendered":"Pressemitteilung: Die handstreichartige Schlie\u00dfung der Klinik Wolfhagen durch die GNH ist skandal\u00f6s!"},"content":{"rendered":"<figure id=\"attachment_962\" aria-describedby=\"caption-attachment-962\" style=\"width: 238px\" class=\"wp-caption alignright\"><img loading=\"lazy\" decoding=\"async\" class=\"wp-image-962\" src=\"http:\/\/www.gruene-wolfhagen.de\/wp-content\/uploads\/2020\/02\/DSC_1927-e1582626998512.jpg\" alt=\"\" width=\"238\" height=\"422\" srcset=\"http:\/\/www.gruene-wolfhagen.de\/wp-content\/uploads\/2020\/02\/DSC_1927-e1582626998512.jpg 3376w, http:\/\/www.gruene-wolfhagen.de\/wp-content\/uploads\/2020\/02\/DSC_1927-e1582626998512-169x300.jpg 169w, http:\/\/www.gruene-wolfhagen.de\/wp-content\/uploads\/2020\/02\/DSC_1927-e1582626998512-768x1361.jpg 768w, http:\/\/www.gruene-wolfhagen.de\/wp-content\/uploads\/2020\/02\/DSC_1927-e1582626998512-578x1024.jpg 578w\" sizes=\"auto, (max-width: 238px) 100vw, 238px\" \/><figcaption id=\"caption-attachment-962\" class=\"wp-caption-text\">500 B\u00fcrger, Feuerwehr und Rettungsdienst in Mannschaftsst\u00e4rke demonstrieren in Wolfhagen am 23.02.2020 gegen Klinikschlie\u00dfung durch die Gesundheit Nordhessen Holding AG (GNH)<\/figcaption><\/figure>\n<p>Sie zeigt ein zutiefst undemokratisches Verst\u00e4ndnis. Die Schaffung vollendeter Tatsachen missachtet bewusst Kreistagsbeschl\u00fcsse und B\u00fcrgerbelange.<\/p>\n<p>Seit 2015 (!) bekannte und in Abarbeitung befindliche Brandschutzm\u00e4ngel werden unter dem Aspekt eines m\u00f6glichen haftungsrechtlichen Risikos dramatisiert. Eine gut funktionierende station\u00e4re Grund- und Regelversorgung sowie Notfallversorgung wird quasi \u00fcber Nacht ruiniert. Ein dadurch erh\u00f6htes Versorgungsrisiko f\u00fcr die B\u00fcrger in der Region wird bedenkenlos in Kauf genommen. Die Bem\u00fchungen des Landkreises eine zukunftsf\u00e4hige station\u00e4re Gesundheitsversorgung im Wolfhager Land zu erreichen -Ergebnisse wurden f\u00fcr die Kreistagssitzung am 1.April 2020 avisiert- werden sabotiert.&nbsp;<br \/>\nDie Zukunft der Klinik muss sich an Bed\u00fcrfnissen der Region und ihrer B\u00fcrger orientieren, und darf nicht nur von den betriebswirtschaftlichen Problemen der GNH bestimmt werden. Eine Spezialisierung der Klinik, aber auch ein m\u00f6gliches Zusammenlegen der Krankenh\u00e4user Wolfhagen und Bad Arolsen in einem Neubau k\u00f6nnten Optionen darstellen, die Umwandlung der station\u00e4ren in eine ambulante Versorgung aber sicher nicht.<\/p>\n<h3 style=\"text-align: center;\"><span style=\"color: #000000;\">Die GR\u00dcNEN Wolfhagen fordern die GNH in Kassel auf, den station\u00e4ren Weiterbetrieb der Klinik bis zur Realisierung eines zukunftsf\u00e4higen Alternativkonzeptes sicherzustellen.<\/span><\/h3>\n","protected":false},"excerpt":{"rendered":"<p>Sie zeigt ein zutiefst undemokratisches Verst\u00e4ndnis. Die Schaffung vollendeter Tatsachen missachtet bewusst Kreistagsbeschl\u00fcsse und B\u00fcrgerbelange. Seit 2015 (!) bekannte und in Abarbeitung befindliche Brandschutzm\u00e4ngel werden unter dem Aspekt eines m\u00f6glichen [&hellip;]<\/p>\n","protected":false},"author":-1,"featured_media":0,"comment_status":"closed","ping_status":"closed","sticky":false,"template":"","format":"standard","meta":{"ngg_post_thumbnail":0,"footnotes":""},"categories":[1],"tags":[],"class_list":["post-958","post","type-post","status-publish","format-standard","hentry","category-allgemein"],"_links":{"self":[{"href":"http:\/\/www.gruene-wolfhagen.de\/index.php?rest_route=\/wp\/v2\/posts\/958","targetHints":{"allow":["GET"]}}],"collection":[{"href":"http:\/\/www.gruene-wolfhagen.de\/index.php?rest_route=\/wp\/v2\/posts"}],"about":[{"href":"http:\/\/www.gruene-wolfhagen.de\/index.php?rest_route=\/wp\/v2\/types\/post"}],"author":[{"embeddable":true,"href":"http:\/\/www.gruene-wolfhagen.de\/index.php?rest_route=\/wp\/v2\/users\/3"}],"replies":[{"embeddable":true,"href":"http:\/\/www.gruene-wolfhagen.de\/index.php?rest_route=%2Fwp%2Fv2%2Fcomments&post=958"}],"version-history":[{"count":5,"href":"http:\/\/www.gruene-wolfhagen.de\/index.php?rest_route=\/wp\/v2\/posts\/958\/revisions"}],"predecessor-version":[{"id":966,"href":"http:\/\/www.gruene-wolfhagen.de\/index.php?rest_route=\/wp\/v2\/posts\/958\/revisions\/966"}],"wp:attachment":[{"href":"http:\/\/www.gruene-wolfhagen.de\/index.php?rest_route=%2Fwp%2Fv2%2Fmedia&parent=958"}],"wp:term":[{"taxonomy":"category","embeddable":true,"href":"http:\/\/www.gruene-wolfhagen.de\/index.php?rest_route=%2Fwp%2Fv2%2Fcategories&post=958"},{"taxonomy":"post_tag","embeddable":true,"href":"http:\/\/www.gruene-wolfhagen.de\/index.php?rest_route=%2Fwp%2Fv2%2Ftags&post=958"}],"curies":[{"name":"wp","href":"https:\/\/api.w.org\/{rel}","templated":true}]}}