{"id":968,"date":"2020-08-25T00:01:07","date_gmt":"2020-08-24T22:01:07","guid":{"rendered":"http:\/\/www.gruene-wolfhagen.de\/?p=968"},"modified":"2020-08-25T00:01:07","modified_gmt":"2020-08-24T22:01:07","slug":"guener-stammtisch-am-26-aug-2020-um-1930-uhr-im-restaurant-zum-chattenturm","status":"publish","type":"post","link":"http:\/\/www.gruene-wolfhagen.de\/?p=968","title":{"rendered":"G\u00fcner Stammtisch am 26. Aug. 2020 um 19:30 Uhr im Restaurant &#8222;Zum Chattenturm&#8220;"},"content":{"rendered":"<p><span style=\"color: #000000;\"><span style=\"color: #ff0000;\">Das ist erfeulich:<\/span> Der Landkreis Kassel hat die beiden ehem. Kreiskliniken wieder von der GNH zur\u00fcckgekauft &#8211; eine wirklich richtungsweisende und mutige Entscheidung und ein Plus f\u00fcr die Gesundheitsversorgung im l\u00e4ndlichen Raum. Die engagierte Arbeit des F\u00f6rdervereins des Krankenhauses zeigt auf, dass B\u00fcrgerengagement doch etwas bewegen kann. Auch die GR\u00dcNEN WOH hatten sich f\u00fcr den Erhalt intensiv eingesetzt, im Gegensatz zur schwarz-gr\u00fcnen(!) Landesregierung in der leider noch die Protagonisten einer Privatisierungsideologie aktiv sind und noch nicht verstanden haben, dass das Problem der Unterfinanzierung von Krankenh\u00e4user durch eine Privatisierung nicht gel\u00f6st wird. Im Gegenteil. Denn diese sollen Gewinne generieren und diese lassen sich letztlich nur aus personeller \/ materieller Ressource sch\u00f6pfen, also Qualit\u00e4tsminderung im Grund- und&nbsp; Regelversorgungsbereich und \u00fcber Spezialisierung auf verg\u00fctungstechnisch lukrative Operationen. Das Problem f\u00e4llt, wenn die Krankenh\u00e4user sich f\u00fcr den privaten Investor nicht mehr rechnen, nach einigen Jahren den, f\u00fcr das Vorhalten von Gesundheitsvorsorge&nbsp; zust\u00e4ndigen Gebietsk\u00f6rperschaften wieder auf die F\u00fc\u00dfe und der Sanierungsbedarf kann dann hoch sein. <em>Der Markt l\u00f6st eben nicht alles, wie uns oft glauben gemacht wird.&nbsp;<\/em> Deshalb sind die GR\u00dcNEN WOH so froh, dass es gelungen ist, beim Krankenhaus&nbsp; WOH solche Fehlentwicklungen wieder zur\u00fcck zu drehen und die stat. Grund- und Regelversorgung zu sichern. Wenn es noch gel\u00e4nge, auch wieder geburtshilfliche Betten in WOH zu etablieren, w\u00e4re die Freude perfekt.<br \/>\n<span style=\"color: #ff0000;\">Dar\u00fcber wollen wir auch sprechen: <span style=\"color: #000000;\">\u00dc<\/span><\/span>ber den aktuellen Konflikt in der Stadtentwicklung Wolfhagen, n\u00e4mlich das Ansinnen auf den Kampwiesen auf Ortseingang Richtung Ippinghausen eine grosse, versiegelte Abstellfl\u00e4che f\u00fcr Gebrauchtwagen zu schaffen. Dies geht \u00f6kologisch und st\u00e4dtebaulich \u00fcberhaupt nicht, zumal auch noch Alternativfl\u00e4chen angeboten werden k\u00f6nnen.<br \/>\n<span style=\"color: #ff0000;\">Bei den Radwegen<\/span> stehen die GR\u00dcNEN in engem Kontakt mit der Stadtverwaltung und sorgen daf\u00fcr, dass sich dort auch was bewegt, was dann wiederum die zust\u00e4ndige Landesgesellschaft &#8218;Hessen Mobil&#8216; bewegen wird, insbesondere mit Planung und Bau des Radweges nach Altenhasungen und Nothfelden voranzukommen und dabei das alte&nbsp; Nadel\u00f6hr Oleim\u00fchle zu entsch\u00e4rfen<br \/>\nDie GR\u00dcNEN WOH verf\u00fcgen \u00fcber 3 Sitze im Stadtparlament und stellen einen Magistrat. <span style=\"color: #ff0000;\">Im M\u00e4rz 2021 sind Kommunalwahlen<\/span> und neue Kandidaten auf der Gr\u00fcnen Liste sind willkommen!&nbsp; Eine \u00f6kologische und soziale politische Position im Stadtparlament zu vertreten, ist sehr wichtig &#8211; und auch lohnend, wie man in Sachen Krankenhaus und auch in Sachen Kampwiesen sehen kann. Um f\u00fcr einen Stadtverordnetensitz zu kandidieren, ist es nicht erforderlich gr\u00fcnes Parteimitglied zu sein.&nbsp; Natur- und Umweltschutz, eine&nbsp; soziale, gerechtere Marktwirtschaft und ein \u00f6ko\u00f6gisch-nachhaltiges Verst\u00e4ndnis sollten Bewerbern aber dennoch eine Herzenangelegenheit sein&#8230;&nbsp; :-)).<\/p>\n<p>Die GR\u00dcNEN WOH freuen sich, <\/span><span style=\"color: #000000;\">Mitglieder Freunde und \u00f6kologisch Interessierte in der Gespr\u00e4chsrunde am Stammtisch begr\u00fc\u00dfen zu k\u00f6nnen! (Bitte Maske nicht vergessen!)<img loading=\"lazy\" decoding=\"async\" class=\"aligncenter size-full wp-image-898\" src=\"http:\/\/www.gruene-wolfhagen.de\/wp-content\/uploads\/2019\/11\/Gr\u00fcner-Stammtisch-Bild.jpg\" alt=\"\" width=\"400\" height=\"278\" srcset=\"http:\/\/www.gruene-wolfhagen.de\/wp-content\/uploads\/2019\/11\/Gr\u00fcner-Stammtisch-Bild.jpg 400w, http:\/\/www.gruene-wolfhagen.de\/wp-content\/uploads\/2019\/11\/Gr\u00fcner-Stammtisch-Bild-300x209.jpg 300w\" sizes=\"auto, (max-width: 400px) 100vw, 400px\" \/><br \/>\n<\/span><\/p>\n","protected":false},"excerpt":{"rendered":"<p>Das ist erfeulich: Der Landkreis Kassel hat die beiden ehem. Kreiskliniken wieder von der GNH zur\u00fcckgekauft &#8211; eine wirklich richtungsweisende und mutige Entscheidung und ein Plus f\u00fcr die Gesundheitsversorgung im [&hellip;]<\/p>\n","protected":false},"author":-1,"featured_media":0,"comment_status":"closed","ping_status":"closed","sticky":false,"template":"","format":"standard","meta":{"ngg_post_thumbnail":0,"footnotes":""},"categories":[1],"tags":[],"class_list":["post-968","post","type-post","status-publish","format-standard","hentry","category-allgemein"],"_links":{"self":[{"href":"http:\/\/www.gruene-wolfhagen.de\/index.php?rest_route=\/wp\/v2\/posts\/968","targetHints":{"allow":["GET"]}}],"collection":[{"href":"http:\/\/www.gruene-wolfhagen.de\/index.php?rest_route=\/wp\/v2\/posts"}],"about":[{"href":"http:\/\/www.gruene-wolfhagen.de\/index.php?rest_route=\/wp\/v2\/types\/post"}],"author":[{"embeddable":true,"href":"http:\/\/www.gruene-wolfhagen.de\/index.php?rest_route=\/wp\/v2\/users\/3"}],"replies":[{"embeddable":true,"href":"http:\/\/www.gruene-wolfhagen.de\/index.php?rest_route=%2Fwp%2Fv2%2Fcomments&post=968"}],"version-history":[{"count":5,"href":"http:\/\/www.gruene-wolfhagen.de\/index.php?rest_route=\/wp\/v2\/posts\/968\/revisions"}],"predecessor-version":[{"id":973,"href":"http:\/\/www.gruene-wolfhagen.de\/index.php?rest_route=\/wp\/v2\/posts\/968\/revisions\/973"}],"wp:attachment":[{"href":"http:\/\/www.gruene-wolfhagen.de\/index.php?rest_route=%2Fwp%2Fv2%2Fmedia&parent=968"}],"wp:term":[{"taxonomy":"category","embeddable":true,"href":"http:\/\/www.gruene-wolfhagen.de\/index.php?rest_route=%2Fwp%2Fv2%2Fcategories&post=968"},{"taxonomy":"post_tag","embeddable":true,"href":"http:\/\/www.gruene-wolfhagen.de\/index.php?rest_route=%2Fwp%2Fv2%2Ftags&post=968"}],"curies":[{"name":"wp","href":"https:\/\/api.w.org\/{rel}","templated":true}]}}