{"id":986,"date":"2020-12-20T20:53:16","date_gmt":"2020-12-20T19:53:16","guid":{"rendered":"http:\/\/www.gruene-wolfhagen.de\/?p=986"},"modified":"2020-12-20T20:53:16","modified_gmt":"2020-12-20T19:53:16","slug":"kommunalwahl-2021-gruene-kandidaten-innen-fuer-wolfhagen","status":"publish","type":"post","link":"http:\/\/www.gruene-wolfhagen.de\/?p=986","title":{"rendered":"Kommunalwahl 2021: GR\u00dcNE Kandidaten\/innen f\u00fcr Wolfhagen !"},"content":{"rendered":"<p>Am 16.12.2020 trafen sich Gr\u00fcne und interessierte B\u00fcrger in der Stadthalle Wolfhagen (unter coronasicheren Bedingungen) und verabschiedeten das Wahlprogramm (siehe website an anderer Stelle) f\u00fcr die Kommunalwahl und stellten die offene Liste der Kandidaten f\u00fcr das Stadtparlament auf.<\/p>\n<p>Bei den gr\u00fcnen Fraktion stand eine Nachfolge ins Haus, da 3 von 4 gr\u00fcnen Stadtverordneten nach langj\u00e4hriger Mitarbeit im Stadtparlament nun den Staffelstab weiterreichen und zur Wahl 2021 nicht mehr antreten. Die 12 gr\u00fcnen Kandidaten (5 Frauen und 7 M\u00e4nner) werden sich, bis auf einen Kandidaten, erstmals bei den W\u00e4hlern um einen Platz im Stadtparlament bewerben.&nbsp; Da es z.Zt. nicht einfach ist,&nbsp; zusammenzukommen, hielten wir im Anschlu\u00df die Jahresmitgliederversammlung des Ortsverbandes ab. Die beiden Sprecher des Ortsverbandes, Lothar F\u00fcrstenberger und Dr. Christiane Becker in ihren \u00c4mtern best\u00e4tigt.<br \/>\n<strong>Das sind unsere Kandidaten\/-innen f\u00fcr die Stadtverordnetenversammlung:<\/strong><br \/>\n<strong><em>Gisela Kruse (Istha), Markus Tripp (Wenigenhasungen), Angelika Scharfe (Br\u00fcndersen), Dr. Matthias Hughes (Philippinenburg), Manfred Weinert (Br\u00fcndersen), Walter Heimerl (Kernstadt), Franziska Schlag (Kernstadt), Roman Krettek (Kernstadt), Christina Kleyer (Philippinenburg), Ulf Jung-Kleyer (Philippinenburg), Castelina Desousa (Kernstadt), Artur Sch\u00f6neburg (Kernstadt)<\/em>.<\/strong> Eine gute, aktive Gruppe! Wir w\u00fcnschen ihr m\u00f6glichst viele W\u00e4hlerstimmen im M\u00e4rz, auf das sie die gr\u00fcnen Politikziele im Stadtparlament kraftvoll vertreten k\u00f6nnen, denn Klimaschutz mu\u00df auch in den Kommunen als eine Querschnitts- und Daueraufgabe verstanden werden! Unsere &#8222;Alt-Stadtverordneten&#8220; werden die &#8222;Neuen&#8220; weiterhin mit ihrer Erfahrung, Rat und Tat zur Seite stehen.<\/p>\n<p>Die GR\u00dcNEN WOH treffen sich bis auf weiteres in Online Meetings, interessierte B\u00fcrger sind dazu herzlich eingeladen. Eine Mail an <a href=\"#\" data-unscramble=\"ed.negahflow-eneurg@tsop\">post@gruene-wolfhagen.de<\/a> gen\u00fcgt um teilzunehmen. Weiter geht es mit den Meetings Anfang Januar 2021.<\/p>\n<p>Der gr\u00fcne Ortsverband w\u00fcnschen allen B\u00fcrgern im Wolfhager Land zu Weihnachten und zum Jahreswechsel: Soviel Schnee, wir Sie gerade noch wegschaufeln k\u00f6nnen. Soviel Freude, wie sie gerade noch aushalten k\u00f6nnen. Soviel Eink\u00fcnfte, wie Sie zu einem guten Leben brauchen. Soviel Frieden in der Welt, dass Sie es kaum glauben k\u00f6nnen und&nbsp; soviel gute politische Entscheidungen und Ver\u00e4nderungen, dass Natur und Klima ganz begeistert sind. Frohe Weihnachten und einen guten Rutsch!<\/p>\n<p>&nbsp;<\/p>\n<p>&nbsp;<\/p>\n","protected":false},"excerpt":{"rendered":"<p>Am 16.12.2020 trafen sich Gr\u00fcne und interessierte B\u00fcrger in der Stadthalle Wolfhagen (unter coronasicheren Bedingungen) und verabschiedeten das Wahlprogramm (siehe website an anderer Stelle) f\u00fcr die Kommunalwahl und stellten die [&hellip;]<\/p>\n","protected":false},"author":-1,"featured_media":0,"comment_status":"closed","ping_status":"closed","sticky":false,"template":"","format":"standard","meta":{"ngg_post_thumbnail":0,"footnotes":""},"categories":[1],"tags":[],"class_list":["post-986","post","type-post","status-publish","format-standard","hentry","category-allgemein"],"_links":{"self":[{"href":"http:\/\/www.gruene-wolfhagen.de\/index.php?rest_route=\/wp\/v2\/posts\/986","targetHints":{"allow":["GET"]}}],"collection":[{"href":"http:\/\/www.gruene-wolfhagen.de\/index.php?rest_route=\/wp\/v2\/posts"}],"about":[{"href":"http:\/\/www.gruene-wolfhagen.de\/index.php?rest_route=\/wp\/v2\/types\/post"}],"author":[{"embeddable":true,"href":"http:\/\/www.gruene-wolfhagen.de\/index.php?rest_route=\/wp\/v2\/users\/3"}],"replies":[{"embeddable":true,"href":"http:\/\/www.gruene-wolfhagen.de\/index.php?rest_route=%2Fwp%2Fv2%2Fcomments&post=986"}],"version-history":[{"count":3,"href":"http:\/\/www.gruene-wolfhagen.de\/index.php?rest_route=\/wp\/v2\/posts\/986\/revisions"}],"predecessor-version":[{"id":989,"href":"http:\/\/www.gruene-wolfhagen.de\/index.php?rest_route=\/wp\/v2\/posts\/986\/revisions\/989"}],"wp:attachment":[{"href":"http:\/\/www.gruene-wolfhagen.de\/index.php?rest_route=%2Fwp%2Fv2%2Fmedia&parent=986"}],"wp:term":[{"taxonomy":"category","embeddable":true,"href":"http:\/\/www.gruene-wolfhagen.de\/index.php?rest_route=%2Fwp%2Fv2%2Fcategories&post=986"},{"taxonomy":"post_tag","embeddable":true,"href":"http:\/\/www.gruene-wolfhagen.de\/index.php?rest_route=%2Fwp%2Fv2%2Ftags&post=986"}],"curies":[{"name":"wp","href":"https:\/\/api.w.org\/{rel}","templated":true}]}}